{"id":11,"date":"2022-02-25T10:40:34","date_gmt":"2022-02-25T10:40:34","guid":{"rendered":"https:\/\/revistapymes.es\/fondos-next-generation\/?p=11"},"modified":"2022-02-25T10:44:37","modified_gmt":"2022-02-25T10:44:37","slug":"aecem-forma-a-los-profesionales-del-sector-en-competencias-digitales-a-traves-de-los-fondos-nextgenerationeu","status":"publish","type":"post","link":"https:\/\/revistapymes.es\/fondos-next-generation\/2022\/02\/25\/aecem-forma-a-los-profesionales-del-sector-en-competencias-digitales-a-traves-de-los-fondos-nextgenerationeu\/","title":{"rendered":"AECEM forma a los profesionales del sector en competencias digitales a trav\u00e9s de los fondos NextGenerationEU"},"content":{"rendered":"<p>Actualmente 1.000 profesionales del sector de la consultor\u00eda se est\u00e1n formando en competencias digitales a trav\u00e9s del programa \u201cDigitalizaci\u00f3n aplicada al sector productivo\u201d. Se trata de una formaci\u00f3n virtual tutorizada puesta en marcha, de manera conjunta, por la Asociaci\u00f3n Espa\u00f1ola de Consultores de Empresas (AECEM) y la Confederaci\u00f3n Espa\u00f1ola de Organizaciones Empresariales (CEOE).<\/p>\n<p>El 60 % de los profesionales inscritos ya ha finalizado su formaci\u00f3n y la AECEM tiene previsto seguir impulsando el programa durante los pr\u00f3ximos meses para alcanzar los 5.000 alumnos en toda Espa\u00f1a. Desde la asociaci\u00f3n destacan la buena acogida que est\u00e1 teniendo el programa, as\u00ed como el compromiso y la satisfacci\u00f3n de los beneficiarios.<\/p>\n<p>El objetivo de esta iniciativa es fomentar las capacidades en digitalizaci\u00f3n de todos los profesionales de la consultor\u00eda y asesor\u00eda. El proyecto est\u00e1 enmarcado en la campa\u00f1a \u201cTrabajamos en digital\u201d, una iniciativa que est\u00e1 impulsada por el Ministerio de Educaci\u00f3n y Formaci\u00f3n Profesional a trav\u00e9s de los fondos NextGenerationEU y se desarrollar\u00e1n en colaboraci\u00f3n con CEOE, CEPYME y UGT.<\/p>\n<p>El itinerario formativo consta de 30 horas repartidas en seis semanas y con un formato e-learning. La plataforma dispone de aulas virtuales y foros para el alumnado, as\u00ed como de herramientas de monitorizaci\u00f3n para los alumnos puedan seguir su grado de avance y nivel de consecuci\u00f3n en tiempo real. Adem\u00e1s, se ofrecen sesiones en streaming para la asistencia a clases s\u00edncronas, masterclass o ponencias virtuales.<\/p>\n<p>Ana Mato, presidenta de AECEM, est\u00e1 convencida de que \u201cformar a los consultores en digitalizaci\u00f3n es esencial ya que son los encargados de acompa\u00f1ar a nuestras pymes y aut\u00f3nomos en su d\u00eda a d\u00eda y una figura clave para el desarrollo de sus negocios\u201d.<\/p>\n","protected":false},"excerpt":{"rendered":"<p>Actualmente 1.000 profesionales del sector de la consultor\u00eda se est\u00e1n formando en competencias digitales a trav\u00e9s del programa \u201cDigitalizaci\u00f3n aplicada al sector productivo\u201d. Se trata de una formaci\u00f3n virtual tutorizada puesta en marcha, de manera conjunta, por la Asociaci\u00f3n Espa\u00f1ola de Consultores de Empresas (AECEM) y la Confederaci\u00f3n Espa\u00f1ola de Organizaciones Empresariales (CEOE). El 60 [&hellip;]<\/p>\n","protected":false},"author":1,"featured_media":12,"comment_status":"closed","ping_status":"open","sticky":false,"template":"","format":"standard","meta":{"jnews-multi-image_gallery":[],"jnews_single_post":{"source_name":"","source_url":"","via_name":"","via_url":"","override_template":"0","override":[{"template":"1","single_blog_custom":"","parallax":"1","fullscreen":"1","layout":"right-sidebar","sidebar":"default-sidebar","second_sidebar":"default-sidebar","sticky_sidebar":"1","share_position":"top","share_float_style":"share-monocrhome","show_share_counter":"1","show_view_counter":"1","show_featured":"1","show_post_meta":"1","show_post_author":"1","show_post_author_image":"1","show_post_date":"1","post_date_format":"default","post_date_format_custom":"Y\/m\/d","show_post_category":"1","show_post_reading_time":"0","post_reading_time_wpm":"300","show_zoom_button":"0","zoom_button_out_step":"2","zoom_button_in_step":"3","show_post_tag":"1","show_prev_next_post":"1","show_popup_post":"1","number_popup_post":"1","show_author_box":"0","show_post_related":"0","show_inline_post_related":"0"}],"override_image_size":"0","image_override":[{"single_post_thumbnail_size":"crop-500","single_post_gallery_size":"crop-500"}],"trending_post":"0","trending_post_position":"meta","trending_post_label":"Trending","sponsored_post":"0","sponsored_post_label":"Sponsored by","sponsored_post_name":"","sponsored_post_url":"","sponsored_post_logo_enable":"0","sponsored_post_logo":"","sponsored_post_desc":"","disable_ad":"0"},"jnews_primary_category":{"id":""},"jnews_social_meta":{"fb_title":"","fb_description":"","fb_image":"","twitter_title":"","twitter_description":"","twitter_image":""},"jnews_override_counter":{"override_view_counter":"0","view_counter_number":"0","override_share_counter":"0","share_counter_number":"0","override_like_counter":"0","like_counter_number":"0","override_dislike_counter":"0","dislike_counter_number":"0"},"footnotes":""},"categories":[2],"tags":[],"class_list":["post-11","post","type-post","status-publish","format-standard","has-post-thumbnail","hentry","category-articulos"],"_links":{"self":[{"href":"https:\/\/revistapymes.es\/fondos-next-generation\/wp-json\/wp\/v2\/posts\/11","targetHints":{"allow":["GET"]}}],"collection":[{"href":"https:\/\/revistapymes.es\/fondos-next-generation\/wp-json\/wp\/v2\/posts"}],"about":[{"href":"https:\/\/revistapymes.es\/fondos-next-generation\/wp-json\/wp\/v2\/types\/post"}],"author":[{"embeddable":true,"href":"https:\/\/revistapymes.es\/fondos-next-generation\/wp-json\/wp\/v2\/users\/1"}],"replies":[{"embeddable":true,"href":"https:\/\/revistapymes.es\/fondos-next-generation\/wp-json\/wp\/v2\/comments?post=11"}],"version-history":[{"count":1,"href":"https:\/\/revistapymes.es\/fondos-next-generation\/wp-json\/wp\/v2\/posts\/11\/revisions"}],"predecessor-version":[{"id":13,"href":"https:\/\/revistapymes.es\/fondos-next-generation\/wp-json\/wp\/v2\/posts\/11\/revisions\/13"}],"wp:featuredmedia":[{"embeddable":true,"href":"https:\/\/revistapymes.es\/fondos-next-generation\/wp-json\/wp\/v2\/media\/12"}],"wp:attachment":[{"href":"https:\/\/revistapymes.es\/fondos-next-generation\/wp-json\/wp\/v2\/media?parent=11"}],"wp:term":[{"taxonomy":"category","embeddable":true,"href":"https:\/\/revistapymes.es\/fondos-next-generation\/wp-json\/wp\/v2\/categories?post=11"},{"taxonomy":"post_tag","embeddable":true,"href":"https:\/\/revistapymes.es\/fondos-next-generation\/wp-json\/wp\/v2\/tags?post=11"}],"curies":[{"name":"wp","href":"https:\/\/api.w.org\/{rel}","templated":true}]}}