{"id":111,"date":"2022-04-05T15:54:45","date_gmt":"2022-04-05T15:54:45","guid":{"rendered":"https:\/\/revistapymes.es\/fondos-next-generation\/?p=111"},"modified":"2022-04-07T09:58:37","modified_gmt":"2022-04-07T09:58:37","slug":"wolters-kluwer-reune-toda-la-informacion-sobre-los-fondos-nextgenerationeu-y-el-kit-digital-en-una-guia","status":"publish","type":"post","link":"https:\/\/revistapymes.es\/fondos-next-generation\/2022\/04\/05\/wolters-kluwer-reune-toda-la-informacion-sobre-los-fondos-nextgenerationeu-y-el-kit-digital-en-una-guia\/","title":{"rendered":"Wolters Kluwer re\u00fane toda la informaci\u00f3n sobre los fondos NextGenerationEU y el Kit Digital en una gu\u00eda"},"content":{"rendered":"<p>Desde que se anunciaron los fondos NextGenerationEU y, posteriormente, el Gobierno de Espa\u00f1a presentase el programa Kit Digital se ha publicado mucha informaci\u00f3n sobre estas ayudas. Una avalancha de informaci\u00f3n que, en muchas ocasiones, ha generado confusi\u00f3n entre pymes y aut\u00f3nomos sobre aspectos b\u00e1sicos relacionados con la solicitud, gesti\u00f3n o cuant\u00eda de las ayudas.<\/p>\n<p>Para facilitar a los interesados el acceso a toda esta informaci\u00f3n y resolver las dudas que les puedan surgir, Wolters Kluwer ha editado una nueva gu\u00eda.<\/p>\n<p>En este ebook la compa\u00f1\u00eda, que se ha convertido en agente digitalizador del programa Kit Digital, ha unificado toda la informaci\u00f3n necesarias sobre estas ayudas que, en gran parte, se destinar\u00e1n a la digitalizaci\u00f3n del tejido empresarial espa\u00f1ol. La nueva gu\u00eda de Wolters Kluwer abarca diferentes aspectos como, por ejemplo, el alcance, el calendario de aplicaci\u00f3n, c\u00f3mo pueden beneficiarse de los fondos las pymes o, incluso, una gu\u00eda en la que paso a paso se explica el proceso a seguir para presentar la solicitud de los fondos.<\/p>\n<p><a href=\"https:\/\/www.wolterskluwer.com\/es-es\/know\/m-descarga-c135-ebook-fondos-next-generation?utm_source=prensa_contenido&amp;utm_medium=link&amp;utm_campaign=C135-FONDOS-EUROPEOS\">Todos los interesados pueden descargar la gu\u00eda de manera gratuita. <\/a><\/p>\n<p>&nbsp;<\/p>\n","protected":false},"excerpt":{"rendered":"<p>Desde que se anunciaron los fondos NextGenerationEU y, posteriormente, el Gobierno de Espa\u00f1a presentase el programa Kit Digital se ha publicado mucha informaci\u00f3n sobre estas ayudas. Una avalancha de informaci\u00f3n que, en muchas ocasiones, ha generado confusi\u00f3n entre pymes y aut\u00f3nomos sobre aspectos b\u00e1sicos relacionados con la solicitud, gesti\u00f3n o cuant\u00eda de las ayudas. Para [&hellip;]<\/p>\n","protected":false},"author":1,"featured_media":112,"comment_status":"closed","ping_status":"closed","sticky":false,"template":"","format":"standard","meta":{"jnews-multi-image_gallery":[],"jnews_single_post":{"source_name":"","source_url":"","via_name":"","via_url":"","override_template":"0","override":[{"template":"1","single_blog_custom":"","parallax":"1","fullscreen":"1","layout":"right-sidebar","sidebar":"default-sidebar","second_sidebar":"default-sidebar","sticky_sidebar":"1","share_position":"top","share_float_style":"share-monocrhome","show_share_counter":"1","show_view_counter":"1","show_featured":"1","show_post_meta":"1","show_post_author":"1","show_post_author_image":"1","show_post_date":"1","post_date_format":"default","post_date_format_custom":"Y\/m\/d","show_post_category":"1","show_post_reading_time":"0","post_reading_time_wpm":"300","show_zoom_button":"0","zoom_button_out_step":"2","zoom_button_in_step":"3","show_post_tag":"1","show_prev_next_post":"1","show_popup_post":"1","number_popup_post":"1","show_author_box":"0","show_post_related":"0","show_inline_post_related":"0"}],"override_image_size":"0","image_override":[{"single_post_thumbnail_size":"crop-500","single_post_gallery_size":"crop-500"}],"trending_post":"0","trending_post_position":"meta","trending_post_label":"Trending","sponsored_post":"0","sponsored_post_label":"Sponsored by","sponsored_post_name":"","sponsored_post_url":"","sponsored_post_logo_enable":"0","sponsored_post_logo":"","sponsored_post_desc":"","disable_ad":"0"},"jnews_primary_category":{"id":""},"jnews_social_meta":{"fb_title":"","fb_description":"","fb_image":"","twitter_title":"","twitter_description":"","twitter_image":""},"jnews_override_counter":{"override_view_counter":"0","view_counter_number":"0","override_share_counter":"0","share_counter_number":"0","override_like_counter":"0","like_counter_number":"0","override_dislike_counter":"0","dislike_counter_number":"0"},"footnotes":""},"categories":[2],"tags":[7],"class_list":["post-111","post","type-post","status-publish","format-standard","has-post-thumbnail","hentry","category-articulos","tag-wolters-kluwer"],"_links":{"self":[{"href":"https:\/\/revistapymes.es\/fondos-next-generation\/wp-json\/wp\/v2\/posts\/111","targetHints":{"allow":["GET"]}}],"collection":[{"href":"https:\/\/revistapymes.es\/fondos-next-generation\/wp-json\/wp\/v2\/posts"}],"about":[{"href":"https:\/\/revistapymes.es\/fondos-next-generation\/wp-json\/wp\/v2\/types\/post"}],"author":[{"embeddable":true,"href":"https:\/\/revistapymes.es\/fondos-next-generation\/wp-json\/wp\/v2\/users\/1"}],"replies":[{"embeddable":true,"href":"https:\/\/revistapymes.es\/fondos-next-generation\/wp-json\/wp\/v2\/comments?post=111"}],"version-history":[{"count":1,"href":"https:\/\/revistapymes.es\/fondos-next-generation\/wp-json\/wp\/v2\/posts\/111\/revisions"}],"predecessor-version":[{"id":113,"href":"https:\/\/revistapymes.es\/fondos-next-generation\/wp-json\/wp\/v2\/posts\/111\/revisions\/113"}],"wp:featuredmedia":[{"embeddable":true,"href":"https:\/\/revistapymes.es\/fondos-next-generation\/wp-json\/wp\/v2\/media\/112"}],"wp:attachment":[{"href":"https:\/\/revistapymes.es\/fondos-next-generation\/wp-json\/wp\/v2\/media?parent=111"}],"wp:term":[{"taxonomy":"category","embeddable":true,"href":"https:\/\/revistapymes.es\/fondos-next-generation\/wp-json\/wp\/v2\/categories?post=111"},{"taxonomy":"post_tag","embeddable":true,"href":"https:\/\/revistapymes.es\/fondos-next-generation\/wp-json\/wp\/v2\/tags?post=111"}],"curies":[{"name":"wp","href":"https:\/\/api.w.org\/{rel}","templated":true}]}}