{"id":130,"date":"2022-04-08T07:48:34","date_gmt":"2022-04-08T07:48:34","guid":{"rendered":"https:\/\/revistapymes.es\/fondos-next-generation\/?p=130"},"modified":"2022-05-20T08:21:45","modified_gmt":"2022-05-20T08:21:45","slug":"watchguard-apoya-a-sus-partners-para-convertirse-en-agentes-digitalizadores-e-impulsar-juntos-la-seguridad-de-las-pymes","status":"publish","type":"post","link":"https:\/\/revistapymes.es\/fondos-next-generation\/2022\/04\/08\/watchguard-apoya-a-sus-partners-para-convertirse-en-agentes-digitalizadores-e-impulsar-juntos-la-seguridad-de-las-pymes\/","title":{"rendered":"WatchGuard apoya a sus partners para convertirse en agentes digitalizadores e impulsar juntos la seguridad de las pymes"},"content":{"rendered":"<p style=\"font-weight: 400\">Para Carlos Vieira, country manager de WatchGuard en Espa\u00f1a y Portugal, los fondos NextGeneration son la gran oportunidad para que el tejido empresarial espa\u00f1ol impulse su transformaci\u00f3n digital y fomente su competitividad. El proveedor de seguridad, consciente de la oportunidad de negocio que suponen las ayudas europeas, est\u00e1 animando a todo su ecosistema de partners a convertirse en agentes digitalizadores del programa Kit Digital y llevar sus soluciones de seguridad, adaptadas a las categor\u00edas IX-Comunicaciones seguras y X-Ciberseguridad, a las peque\u00f1as y medianas empresas.<\/p>\n<p style=\"font-weight: 400\">En el siguiente v\u00eddeo Vieira hace una radiograf\u00eda de la situaci\u00f3n actual de la pyme en cuanto a seguridad y desgrana la s\u00f3lida estrategia de comunicaci\u00f3n que han desarrollado para dar a conocer toda la informaci\u00f3n sobre los fondos europeos.<\/p>\n","protected":false},"excerpt":{"rendered":"<p>Para Carlos Vieira, country manager de WatchGuard en Espa\u00f1a y Portugal, los fondos NextGeneration son la gran oportunidad para que el tejido empresarial espa\u00f1ol impulse su transformaci\u00f3n digital y fomente su competitividad. El proveedor de seguridad, consciente de la oportunidad de negocio que suponen las ayudas europeas, est\u00e1 animando a todo su ecosistema de partners [&hellip;]<\/p>\n","protected":false},"author":1,"featured_media":268,"comment_status":"closed","ping_status":"closed","sticky":false,"template":"","format":"video","meta":{"jnews-multi-image_gallery":[],"jnews_single_post":{"source_name":"","source_url":"","via_name":"","via_url":"","override_template":"0","override":[{"template":"1","single_blog_custom":"","parallax":"1","fullscreen":"1","layout":"right-sidebar","sidebar":"default-sidebar","second_sidebar":"default-sidebar","sticky_sidebar":"1","share_position":"top","share_float_style":"share-monocrhome","show_share_counter":"1","show_view_counter":"1","show_featured":"1","show_post_meta":"1","show_post_author":"1","show_post_author_image":"1","show_post_date":"1","post_date_format":"default","post_date_format_custom":"Y\/m\/d","show_post_category":"1","show_post_reading_time":"0","post_reading_time_wpm":"300","show_zoom_button":"0","zoom_button_out_step":"2","zoom_button_in_step":"3","show_post_tag":"1","show_prev_next_post":"1","show_popup_post":"1","number_popup_post":"1","show_author_box":"0","show_post_related":"0","show_inline_post_related":"0"}],"override_image_size":"0","image_override":[{"single_post_thumbnail_size":"crop-500","single_post_gallery_size":"crop-500"}],"trending_post":"0","trending_post_position":"meta","trending_post_label":"Trending","sponsored_post":"0","sponsored_post_label":"Sponsored by","sponsored_post_name":"","sponsored_post_url":"","sponsored_post_logo_enable":"0","sponsored_post_logo":"","sponsored_post_desc":"","disable_ad":"0"},"jnews_primary_category":{"id":""},"jnews_social_meta":{"fb_title":"","fb_description":"","fb_image":"","twitter_title":"","twitter_description":"","twitter_image":""},"jnews_override_counter":{"override_view_counter":"0","view_counter_number":"0","override_share_counter":"0","share_counter_number":"0","override_like_counter":"0","like_counter_number":"0","override_dislike_counter":"0","dislike_counter_number":"0"},"footnotes":""},"categories":[4],"tags":[9],"class_list":["post-130","post","type-post","status-publish","format-video","has-post-thumbnail","hentry","category-videos","tag-watchguard","post_format-post-format-video"],"_links":{"self":[{"href":"https:\/\/revistapymes.es\/fondos-next-generation\/wp-json\/wp\/v2\/posts\/130","targetHints":{"allow":["GET"]}}],"collection":[{"href":"https:\/\/revistapymes.es\/fondos-next-generation\/wp-json\/wp\/v2\/posts"}],"about":[{"href":"https:\/\/revistapymes.es\/fondos-next-generation\/wp-json\/wp\/v2\/types\/post"}],"author":[{"embeddable":true,"href":"https:\/\/revistapymes.es\/fondos-next-generation\/wp-json\/wp\/v2\/users\/1"}],"replies":[{"embeddable":true,"href":"https:\/\/revistapymes.es\/fondos-next-generation\/wp-json\/wp\/v2\/comments?post=130"}],"version-history":[{"count":2,"href":"https:\/\/revistapymes.es\/fondos-next-generation\/wp-json\/wp\/v2\/posts\/130\/revisions"}],"predecessor-version":[{"id":269,"href":"https:\/\/revistapymes.es\/fondos-next-generation\/wp-json\/wp\/v2\/posts\/130\/revisions\/269"}],"wp:featuredmedia":[{"embeddable":true,"href":"https:\/\/revistapymes.es\/fondos-next-generation\/wp-json\/wp\/v2\/media\/268"}],"wp:attachment":[{"href":"https:\/\/revistapymes.es\/fondos-next-generation\/wp-json\/wp\/v2\/media?parent=130"}],"wp:term":[{"taxonomy":"category","embeddable":true,"href":"https:\/\/revistapymes.es\/fondos-next-generation\/wp-json\/wp\/v2\/categories?post=130"},{"taxonomy":"post_tag","embeddable":true,"href":"https:\/\/revistapymes.es\/fondos-next-generation\/wp-json\/wp\/v2\/tags?post=130"}],"curies":[{"name":"wp","href":"https:\/\/api.w.org\/{rel}","templated":true}]}}