{"id":14,"date":"2022-02-25T10:41:31","date_gmt":"2022-02-25T10:41:31","guid":{"rendered":"https:\/\/revistapymes.es\/fondos-next-generation\/?p=14"},"modified":"2022-02-25T12:15:58","modified_gmt":"2022-02-25T12:15:58","slug":"el-gobierno-publica-los-criterios-seguidos-para-la-distribucion-de-los-fondos-del-plan-de-recuperacion","status":"publish","type":"post","link":"https:\/\/revistapymes.es\/fondos-next-generation\/2022\/02\/25\/el-gobierno-publica-los-criterios-seguidos-para-la-distribucion-de-los-fondos-del-plan-de-recuperacion\/","title":{"rendered":"El Gobierno publica los criterios seguidos para la distribuci\u00f3n de los fondos del Plan de Recuperaci\u00f3n"},"content":{"rendered":"<p>El Gobierno ha publicado los criterios que ha seguido durante 2021 para la distribuci\u00f3n de los fondos del \u201cPlan de Recuperaci\u00f3n, Transformaci\u00f3n y Resiliencia\u201d a las comunidades aut\u00f3nomas, Ceuta y Melilla, universidades p\u00fablicas y otras entidades p\u00fablicas territoriales. El ejecutivo ha asignado un total de 11.246.812.098,74 euros el a\u00f1o pasado a trav\u00e9s de las conferencias sectoriales, que son los \u00f3rganos de cooperaci\u00f3n multilateral, en las que participan las comunidades aut\u00f3nomas, Ceuta y Melilla; y mediante otras v\u00edas como pueden ser los decretos de concesi\u00f3n directa de ayudas o los convenios.<\/p>\n<p>En las conferencias sectoriales se fijan las asignaciones de manera consensuada y en 2021 se han transferido 8.831.363.039 euros.<\/p>\n<p>La Administraci\u00f3n General del Estado tambi\u00e9n ha asignado recursos en 2021 con cargo al Plan de Recuperaci\u00f3n mediante decretos de concesi\u00f3n directa de ayudas o a trav\u00e9s de convenios para diversos \u00e1mbitos como: I+D+i, energ\u00edas renovables, movilidad sostenible, rehabilitaci\u00f3n energ\u00e9tica de edificios, empleo, igualdad e inclusi\u00f3n social o digitalizaci\u00f3n en educaci\u00f3n. La cuant\u00eda de los fondos que ha transferido a trav\u00e9s de este mecanismo ha ascendido a 2.415.449.060 euros.<\/p>\n<p>Las comunidades que m\u00e1s fondos han recibido en 2021 en n\u00fameros absolutos coinciden con las que tienen m\u00e1s poblaci\u00f3n: Andaluc\u00eda (17,03 %), Catalu\u00f1a (14,04 %) y la Comunidad de Madrid (10,79 %).<\/p>\n<p>El Ejecutivo calcula que a lo largo del periodo plurianual de ejecuci\u00f3n de los fondos europeos (2021-2026) las comunidades aut\u00f3nomas gestionar\u00e1n hasta el 54 % para el despliegue de las inversiones en sus \u00e1mbitos de competencias: vivienda, movilidad sostenible, promoci\u00f3n de renovables, restauraci\u00f3n de ecosistemas, renovaci\u00f3n de edificios p\u00fablicos, educaci\u00f3n, empleo y formaci\u00f3n profesional, inclusi\u00f3n y servicios sociales, entre otros.<\/p>\n<p>Consulte aqu\u00ed el mapa de inversiones gestionadas por las comunidades aut\u00f3nomas: <a href=\"https:\/\/planderecuperacion.gob.es\/ejecucion\/mapa-de-inversiones-gestionadas-por-las-comunidades-autonomas\">https:\/\/planderecuperacion.gob.es\/ejecucion\/mapa-de-inversiones-gestionadas-por-las-comunidades-autonomas<\/a><\/p>\n<div  class=\"jeg_postblock_5 jeg_postblock jeg_module_hook jeg_pagination_disable jeg_col_3o3 jnews_module__0_69f345c166960   \" data-unique=\"jnews_module__0_69f345c166960\">\n\t\t\t\t\t<div class=\"jeg_block_heading jeg_block_heading_6 jeg_subcat_right\">\n                     <h3 class=\"jeg_block_title\"><span>DOCUMENTO RELACIONADO<\/span><\/h3>\n                     \n                 <\/div>\n\t\t\t\t\t<div class=\"jeg_block_container\">\n                    \n                    <div class=\"jeg_posts jeg_load_more_flag\"><article class=\"jeg_post jeg_pl_lg_2 format-standard\">\n                    <div class=\"jeg_thumb\">\n                        \n                        <a href=\"https:\/\/revistapymes.es\/fondos-next-generation\/2022\/02\/25\/criterios-de-distribucion-de-las-transferencias-de-fondos-del-plan-de-recuperacion-transformacion-y-resiliencia-a-las-comunidades-autonomas-y-ciudades-autonomas\/\" aria-label=\"Read article: Criterios de distribuci\u00f3n de las transferencias de fondos del Plan de Recuperaci\u00f3n, Transformaci\u00f3n y Resiliencia a las Comunidades Aut\u00f3nomas y Ciudades Aut\u00f3nomas\"><div class=\"thumbnail-container animate-lazy  size-715 \"><img loading=\"lazy\" decoding=\"async\" width=\"350\" height=\"250\" src=\"https:\/\/revistapymes.es\/fondos-next-generation\/wp-content\/themes\/jnews\/assets\/img\/jeg-empty.png\" class=\"attachment-jnews-350x250 size-jnews-350x250 lazyload wp-post-image\" alt=\"Criterios de distribuci\u00f3n de las transferencias de fondos del Plan de Recuperaci\u00f3n, Transformaci\u00f3n y Resiliencia a las Comunidades Aut\u00f3nomas y Ciudades Aut\u00f3nomas\" sizes=\"auto, (max-width: 350px) 100vw, 350px\" data-src=\"https:\/\/revistapymes.es\/fondos-next-generation\/wp-content\/uploads\/sites\/2\/2022\/02\/criterios-350x250.jpg\" data-srcset=\"https:\/\/revistapymes.es\/fondos-next-generation\/wp-content\/uploads\/sites\/2\/2022\/02\/criterios-350x250.jpg 350w, https:\/\/revistapymes.es\/fondos-next-generation\/wp-content\/uploads\/sites\/2\/2022\/02\/criterios-120x86.jpg 120w\" data-sizes=\"auto\" data-expand=\"700\" \/><\/div><\/a>\n                        <div class=\"jeg_post_category\">\n                            <span><a href=\"https:\/\/revistapymes.es\/fondos-next-generation\/category\/documentos\/\" class=\"category-documentos\">Documentos<\/a><\/span>\n                        <\/div>\n                    <\/div>\n                    <div class=\"jeg_postblock_content\">\n                        <h3 class=\"jeg_post_title\">\n                            <a href=\"https:\/\/revistapymes.es\/fondos-next-generation\/2022\/02\/25\/criterios-de-distribucion-de-las-transferencias-de-fondos-del-plan-de-recuperacion-transformacion-y-resiliencia-a-las-comunidades-autonomas-y-ciudades-autonomas\/\">Criterios de distribuci\u00f3n de las transferencias de fondos del Plan de Recuperaci\u00f3n, Transformaci\u00f3n y Resiliencia a las Comunidades Aut\u00f3nomas y Ciudades Aut\u00f3nomas<\/a>\n                        <\/h3>\n                        <div class=\"jeg_post_meta\"><\/div>\n                        <div class=\"jeg_post_excerpt\">\n                            <p>Acceda al documento<\/p>\n                            <a href=\"https:\/\/revistapymes.es\/fondos-next-generation\/2022\/02\/25\/criterios-de-distribucion-de-las-transferencias-de-fondos-del-plan-de-recuperacion-transformacion-y-resiliencia-a-las-comunidades-autonomas-y-ciudades-autonomas\/\" class=\"jeg_readmore\">Leer m\u00e1s<span class=\"screen-reader-text\">Details<\/span><\/a>\n                        <\/div>\n                    <\/div>\n                <\/article><\/div>\n                    <div class='module-overlay'>\n\t\t\t\t    <div class='preloader_type preloader_dot'>\n\t\t\t\t        <div class=\"module-preloader jeg_preloader dot\">\n\t\t\t\t            <span><\/span><span><\/span><span><\/span>\n\t\t\t\t        <\/div>\n\t\t\t\t        <div class=\"module-preloader jeg_preloader circle\">\n\t\t\t\t            <div class=\"jnews_preloader_circle_outer\">\n\t\t\t\t                <div class=\"jnews_preloader_circle_inner\"><\/div>\n\t\t\t\t            <\/div>\n\t\t\t\t        <\/div>\n\t\t\t\t        <div class=\"module-preloader jeg_preloader square\">\n\t\t\t\t            <div class=\"jeg_square\">\n\t\t\t\t                <div class=\"jeg_square_inner\"><\/div>\n\t\t\t\t            <\/div>\n\t\t\t\t        <\/div>\n\t\t\t\t    <\/div>\n\t\t\t\t<\/div>\n                <\/div>\n                <div class=\"jeg_block_navigation\">\n                    <div class='navigation_overlay'><div class='module-preloader jeg_preloader'><span><\/span><span><\/span><span><\/span><\/div><\/div>\n                    \n                    \n                <\/div>\n\t\t\t\t\t\n\t\t\t\t\t<script>var jnews_module__0_69f345c166960 = {\"compatible_column_notice\":\"info\",\"header_icon\":\"\",\"first_title\":\"DOCUMENTO RELACIONADO\",\"second_title\":\"\",\"url\":\"\",\"header_type\":\"heading_6\",\"header_background\":\"\",\"header_secondary_background\":\"\",\"header_text_color\":\"\",\"header_line_color\":\"\",\"header_accent_color\":\"\",\"header_filter_category\":\"\",\"header_filter_author\":\"\",\"header_filter_tag\":\"\",\"header_filter_text\":\"All\",\"sticky_post\":false,\"sticky_post_filter\":false,\"post_type\":\"post\",\"content_type\":\"all\",\"sponsor\":false,\"number_post\":\"1\",\"post_offset\":0,\"unique_content\":\"disable\",\"include_post\":\"38\",\"included_only\":false,\"exclude_post\":\"\",\"include_category\":\"\",\"exclude_category\":\"\",\"include_author\":\"\",\"include_tag\":\"\",\"exclude_tag\":\"\",\"exclude_visited_post\":false,\"sort_by\":\"latest\",\"date_format\":\"default\",\"date_format_custom\":\"Y\\\/m\\\/d\",\"excerpt_length\":20,\"excerpt_ellipsis\":\"...\",\"force_normal_image_load\":\"\",\"main_custom_image_size\":\"default\",\"pagination_mode\":\"disable\",\"pagination_nextprev_showtext\":\"\",\"pagination_number_post\":4,\"pagination_scroll_limit\":0,\"ads_type\":\"disable\",\"ads_position\":1,\"ads_random\":\"\",\"ads_image\":\"\",\"ads_image_tablet\":\"\",\"ads_image_phone\":\"\",\"ads_image_link\":\"\",\"ads_image_alt\":\"\",\"ads_image_new_tab\":\"\",\"google_publisher_id\":\"\",\"google_slot_id\":\"\",\"google_desktop\":\"auto\",\"google_tab\":\"auto\",\"google_phone\":\"auto\",\"content\":\"\",\"ads_bottom_text\":\"\",\"boxed\":\"\",\"boxed_shadow\":\"\",\"el_id\":\"\",\"el_class\":\"\",\"scheme\":\"\",\"column_width\":\"auto\",\"title_color\":\"\",\"accent_color\":\"\",\"alt_color\":\"\",\"excerpt_color\":\"\",\"css\":\"\",\"paged\":1,\"column_class\":\"jeg_col_3o3\",\"class\":\"jnews_block_5\"};<\/script>\n\t\t\t\t<\/div>\n","protected":false},"excerpt":{"rendered":"<p>El Gobierno ha publicado los criterios que ha seguido durante 2021 para la distribuci\u00f3n de los fondos del \u201cPlan de Recuperaci\u00f3n, Transformaci\u00f3n y Resiliencia\u201d a las comunidades aut\u00f3nomas, Ceuta y Melilla, universidades p\u00fablicas y otras entidades p\u00fablicas territoriales. El ejecutivo ha asignado un total de 11.246.812.098,74 euros el a\u00f1o pasado a trav\u00e9s de las conferencias [&hellip;]<\/p>\n","protected":false},"author":1,"featured_media":15,"comment_status":"closed","ping_status":"open","sticky":false,"template":"","format":"standard","meta":{"jnews-multi-image_gallery":[],"jnews_single_post":{"source_name":"","source_url":"","via_name":"","via_url":"","override_template":"0","override":[{"template":"1","single_blog_custom":"","parallax":"1","fullscreen":"1","layout":"right-sidebar","sidebar":"default-sidebar","second_sidebar":"default-sidebar","sticky_sidebar":"1","share_position":"top","share_float_style":"share-monocrhome","show_share_counter":"1","show_view_counter":"1","show_featured":"1","show_post_meta":"1","show_post_author":"1","show_post_author_image":"1","show_post_date":"1","post_date_format":"default","post_date_format_custom":"Y\/m\/d","show_post_category":"1","show_post_reading_time":"0","post_reading_time_wpm":"300","show_zoom_button":"0","zoom_button_out_step":"2","zoom_button_in_step":"3","show_post_tag":"1","show_prev_next_post":"1","show_popup_post":"1","number_popup_post":"1","show_author_box":"0","show_post_related":"0","show_inline_post_related":"0"}],"override_image_size":"0","image_override":[{"single_post_thumbnail_size":"crop-500","single_post_gallery_size":"crop-500"}],"trending_post":"0","trending_post_position":"meta","trending_post_label":"Trending","sponsored_post":"0","sponsored_post_label":"Sponsored by","sponsored_post_name":"","sponsored_post_url":"","sponsored_post_logo_enable":"0","sponsored_post_logo":"","sponsored_post_desc":"","disable_ad":"0"},"jnews_primary_category":{"id":""},"jnews_social_meta":{"fb_title":"","fb_description":"","fb_image":"","twitter_title":"","twitter_description":"","twitter_image":""},"jnews_override_counter":{"override_view_counter":"0","view_counter_number":"0","override_share_counter":"0","share_counter_number":"0","override_like_counter":"0","like_counter_number":"0","override_dislike_counter":"0","dislike_counter_number":"0"},"footnotes":""},"categories":[2],"tags":[],"class_list":["post-14","post","type-post","status-publish","format-standard","has-post-thumbnail","hentry","category-articulos"],"_links":{"self":[{"href":"https:\/\/revistapymes.es\/fondos-next-generation\/wp-json\/wp\/v2\/posts\/14","targetHints":{"allow":["GET"]}}],"collection":[{"href":"https:\/\/revistapymes.es\/fondos-next-generation\/wp-json\/wp\/v2\/posts"}],"about":[{"href":"https:\/\/revistapymes.es\/fondos-next-generation\/wp-json\/wp\/v2\/types\/post"}],"author":[{"embeddable":true,"href":"https:\/\/revistapymes.es\/fondos-next-generation\/wp-json\/wp\/v2\/users\/1"}],"replies":[{"embeddable":true,"href":"https:\/\/revistapymes.es\/fondos-next-generation\/wp-json\/wp\/v2\/comments?post=14"}],"version-history":[{"count":3,"href":"https:\/\/revistapymes.es\/fondos-next-generation\/wp-json\/wp\/v2\/posts\/14\/revisions"}],"predecessor-version":[{"id":59,"href":"https:\/\/revistapymes.es\/fondos-next-generation\/wp-json\/wp\/v2\/posts\/14\/revisions\/59"}],"wp:featuredmedia":[{"embeddable":true,"href":"https:\/\/revistapymes.es\/fondos-next-generation\/wp-json\/wp\/v2\/media\/15"}],"wp:attachment":[{"href":"https:\/\/revistapymes.es\/fondos-next-generation\/wp-json\/wp\/v2\/media?parent=14"}],"wp:term":[{"taxonomy":"category","embeddable":true,"href":"https:\/\/revistapymes.es\/fondos-next-generation\/wp-json\/wp\/v2\/categories?post=14"},{"taxonomy":"post_tag","embeddable":true,"href":"https:\/\/revistapymes.es\/fondos-next-generation\/wp-json\/wp\/v2\/tags?post=14"}],"curies":[{"name":"wp","href":"https:\/\/api.w.org\/{rel}","templated":true}]}}