{"id":146,"date":"2022-04-11T14:30:20","date_gmt":"2022-04-11T14:30:20","guid":{"rendered":"https:\/\/revistapymes.es\/fondos-next-generation\/?p=146"},"modified":"2022-04-11T14:30:20","modified_gmt":"2022-04-11T14:30:20","slug":"los-primeros-bonos-digitales-llegaran-el-18-de-abril-segun-preve-red-es","status":"publish","type":"post","link":"https:\/\/revistapymes.es\/fondos-next-generation\/2022\/04\/11\/los-primeros-bonos-digitales-llegaran-el-18-de-abril-segun-preve-red-es\/","title":{"rendered":"Los primeros bonos digitales llegar\u00e1n el 18 de abril, seg\u00fan prev\u00e9 Red.es"},"content":{"rendered":"<p>Lunes 18 de abril, esa es la fecha prevista por Red.es para empezar a conceder los primeros bonos digitales del programa Kit Digital. Nadia Calvi\u00f1o, vicepresidenta primera del Gobierno y ministra de Econom\u00eda y Transformaci\u00f3n Digital, ha sido la encargada de anunciarlo durante la jornada \u201cKit Digital: soluciones digitales para pymes y aut\u00f3nomos\u201d, organizada por CEOE, CEPYME y ATA.<\/p>\n<p>Calvi\u00f1o, que asisti\u00f3 a la clausura del evento, calific\u00f3 de \u201c\u00e9xito\u201d la primera convocatoria del programa Kit Digital. La ministra record\u00f3 que \u201csi queremos una transformaci\u00f3n digital de la econom\u00eda espa\u00f1ola hay que apostar por las pymes, que son el coraz\u00f3n de nuestra econom\u00eda\u201d.<\/p>\n<p>Asimismo, a\u00f1adi\u00f3 que 2022 tiene que ser el a\u00f1o de las empresas en el \u00e1mbito de la digitalizaci\u00f3n, pero tambi\u00e9n debe ser el de las personas. En este sentido, el Gobierno centrar\u00e1 sus esfuerzos del segundo semestre en desarrollar un programa de competencias digitales. Calvi\u00f1o asegur\u00f3 que ya se han transferido 1.800 millones de euros a las Comunidades Aut\u00f3nomas para programas de formaci\u00f3n digital.<\/p>\n<p>Durante la jornada los organizadores destacaron la oportunidad clave que supone el programa Kit Digital para la transformaci\u00f3n de pymes y aut\u00f3nomos. \u201cEste programa es el que realmente necesitan las peque\u00f1as y medianas empresas y los aut\u00f3nomos para avanzar en este \u00e1mbito, fundamental para que podamos seguir creando riqueza, empleo y bienestar social\u201d, coment\u00f3 Antonio Garamendi, presidente de CEOC.<\/p>\n<p>Por su parte, Gerardo Cuerva, presidente de CEPYME, se mostr\u00f3 convencido de que el Kit Digital va a impulsar la cultura del cambio que necesita la pyme en materia de digitalizaci\u00f3n. Celia Ferrero, vicepresidenta ejecutiva de ATA, destac\u00f3 el intenso di\u00e1logo que ha habido con aut\u00f3nomos y empresas para dise\u00f1ar el programa.<\/p>\n","protected":false},"excerpt":{"rendered":"<p>Lunes 18 de abril, esa es la fecha prevista por Red.es para empezar a conceder los primeros bonos digitales del programa Kit Digital. Nadia Calvi\u00f1o, vicepresidenta primera del Gobierno y ministra de Econom\u00eda y Transformaci\u00f3n Digital, ha sido la encargada de anunciarlo durante la jornada \u201cKit Digital: soluciones digitales para pymes y aut\u00f3nomos\u201d, organizada por [&hellip;]<\/p>\n","protected":false},"author":1,"featured_media":147,"comment_status":"closed","ping_status":"closed","sticky":false,"template":"","format":"standard","meta":{"jnews-multi-image_gallery":[],"jnews_single_post":{"source_name":"","source_url":"","via_name":"","via_url":"","override_template":"0","override":[{"template":"1","single_blog_custom":"","parallax":"1","fullscreen":"1","layout":"right-sidebar","sidebar":"default-sidebar","second_sidebar":"default-sidebar","sticky_sidebar":"1","share_position":"top","share_float_style":"share-monocrhome","show_share_counter":"1","show_view_counter":"1","show_featured":"1","show_post_meta":"1","show_post_author":"1","show_post_author_image":"1","show_post_date":"1","post_date_format":"default","post_date_format_custom":"Y\/m\/d","show_post_category":"1","show_post_reading_time":"0","post_reading_time_wpm":"300","show_zoom_button":"0","zoom_button_out_step":"2","zoom_button_in_step":"3","show_post_tag":"1","show_prev_next_post":"1","show_popup_post":"1","number_popup_post":"1","show_author_box":"0","show_post_related":"0","show_inline_post_related":"0"}],"override_image_size":"0","image_override":[{"single_post_thumbnail_size":"crop-500","single_post_gallery_size":"crop-500"}],"trending_post":"0","trending_post_position":"meta","trending_post_label":"Trending","sponsored_post":"0","sponsored_post_label":"Sponsored by","sponsored_post_name":"","sponsored_post_url":"","sponsored_post_logo_enable":"0","sponsored_post_logo":"","sponsored_post_desc":"","disable_ad":"0"},"jnews_primary_category":{"id":""},"jnews_social_meta":{"fb_title":"","fb_description":"","fb_image":"","twitter_title":"","twitter_description":"","twitter_image":""},"jnews_override_counter":{"override_view_counter":"0","view_counter_number":"0","override_share_counter":"0","share_counter_number":"0","override_like_counter":"0","like_counter_number":"0","override_dislike_counter":"0","dislike_counter_number":"0"},"footnotes":""},"categories":[2],"tags":[],"class_list":["post-146","post","type-post","status-publish","format-standard","has-post-thumbnail","hentry","category-articulos"],"_links":{"self":[{"href":"https:\/\/revistapymes.es\/fondos-next-generation\/wp-json\/wp\/v2\/posts\/146","targetHints":{"allow":["GET"]}}],"collection":[{"href":"https:\/\/revistapymes.es\/fondos-next-generation\/wp-json\/wp\/v2\/posts"}],"about":[{"href":"https:\/\/revistapymes.es\/fondos-next-generation\/wp-json\/wp\/v2\/types\/post"}],"author":[{"embeddable":true,"href":"https:\/\/revistapymes.es\/fondos-next-generation\/wp-json\/wp\/v2\/users\/1"}],"replies":[{"embeddable":true,"href":"https:\/\/revistapymes.es\/fondos-next-generation\/wp-json\/wp\/v2\/comments?post=146"}],"version-history":[{"count":1,"href":"https:\/\/revistapymes.es\/fondos-next-generation\/wp-json\/wp\/v2\/posts\/146\/revisions"}],"predecessor-version":[{"id":148,"href":"https:\/\/revistapymes.es\/fondos-next-generation\/wp-json\/wp\/v2\/posts\/146\/revisions\/148"}],"wp:featuredmedia":[{"embeddable":true,"href":"https:\/\/revistapymes.es\/fondos-next-generation\/wp-json\/wp\/v2\/media\/147"}],"wp:attachment":[{"href":"https:\/\/revistapymes.es\/fondos-next-generation\/wp-json\/wp\/v2\/media?parent=146"}],"wp:term":[{"taxonomy":"category","embeddable":true,"href":"https:\/\/revistapymes.es\/fondos-next-generation\/wp-json\/wp\/v2\/categories?post=146"},{"taxonomy":"post_tag","embeddable":true,"href":"https:\/\/revistapymes.es\/fondos-next-generation\/wp-json\/wp\/v2\/tags?post=146"}],"curies":[{"name":"wp","href":"https:\/\/api.w.org\/{rel}","templated":true}]}}