{"id":161,"date":"2022-04-25T09:06:17","date_gmt":"2022-04-25T09:06:17","guid":{"rendered":"https:\/\/revistapymes.es\/fondos-next-generation\/?p=161"},"modified":"2022-04-25T09:06:17","modified_gmt":"2022-04-25T09:06:17","slug":"ico-complementara-las-ayudas-del-kit-digital-para-impulsar-la-digitalizacion-de-las-pymes","status":"publish","type":"post","link":"https:\/\/revistapymes.es\/fondos-next-generation\/2022\/04\/25\/ico-complementara-las-ayudas-del-kit-digital-para-impulsar-la-digitalizacion-de-las-pymes\/","title":{"rendered":"ICO complementar\u00e1 las ayudas del Kit Digital para impulsar la digitalizaci\u00f3n de las pymes"},"content":{"rendered":"<p>ICO complementar\u00e1 las ayudas del Kit Digital gracias a su acuerdo de colaboraci\u00f3n con Red.es. A trav\u00e9s de esta alianza se pondr\u00e1 en marcha una nueva l\u00ednea de financiaci\u00f3n para acelerar el proceso de transformaci\u00f3n digital del tejido empresarial, as\u00ed como su productividad. Esta nueva l\u00ednea de cr\u00e9dito se gestionar\u00e1 mediante la colaboraci\u00f3n p\u00fablico-privada con las entidades financieras que se adhieran a ella y complementar\u00e1 las ayudas del <a href=\"https:\/\/portal.mineco.gob.es\/es-es\/comunicacion\/Paginas\/211125_np_kit.aspx\"><strong>programa Kit Digital<\/strong><\/a>.<\/p>\n<p>El objetivo de este convenio, enmarcado en el Plan de Digitalizaci\u00f3n de Pymes 2021-2025, es facilitar la financiaci\u00f3n tanto a los agentes digitalizadores como a pymes y aut\u00f3nomos para la implantaci\u00f3n de soluciones digitales que impulsen el nivel de madurez digital de las empresas.<\/p>\n<p>La financiaci\u00f3n de la <a href=\"https:\/\/www.ico.es\/es\/web\/guest\"><strong>l\u00ednea ICO para el programa Kit Digital<\/strong><\/a> estar\u00e1 destinada a anticipar las ayudas concedidas por Red.es a los agentes digitalizadores seleccionados por las empresas beneficiarias de estas ayudas. Adem\u00e1s, se emplear\u00e1n para financiar los proyectos no subvencionables por el Kit Digital a pymes y aut\u00f3nomos que hayan recibido el bono digital.<\/p>\n<p>ICO ampl\u00eda, gracias a esta nueva l\u00ednea de financiaci\u00f3n, sus productos e instrumentos financieros adaptados a las distintas necesidades y retos de las empresas en los diferentes escenarios econ\u00f3micos. El objetivo de la entidad es fomentar el crecimiento econ\u00f3mico sostenible y la generaci\u00f3n de empleo. Para ICO la digitalizaci\u00f3n, el crecimiento empresarial y la sostenibilidad son sus principales ejes estrat\u00e9gicos para acelerar la recuperaci\u00f3n y la competitividad del tejido empresas espa\u00f1ol.<\/p>\n","protected":false},"excerpt":{"rendered":"<p>ICO complementar\u00e1 las ayudas del Kit Digital gracias a su acuerdo de colaboraci\u00f3n con Red.es. A trav\u00e9s de esta alianza se pondr\u00e1 en marcha una nueva l\u00ednea de financiaci\u00f3n para acelerar el proceso de transformaci\u00f3n digital del tejido empresarial, as\u00ed como su productividad. Esta nueva l\u00ednea de cr\u00e9dito se gestionar\u00e1 mediante la colaboraci\u00f3n p\u00fablico-privada con [&hellip;]<\/p>\n","protected":false},"author":1,"featured_media":162,"comment_status":"closed","ping_status":"closed","sticky":false,"template":"","format":"standard","meta":{"jnews-multi-image_gallery":[],"jnews_single_post":{"source_name":"","source_url":"","via_name":"","via_url":"","override_template":"0","override":[{"template":"1","single_blog_custom":"","parallax":"1","fullscreen":"1","layout":"right-sidebar","sidebar":"default-sidebar","second_sidebar":"default-sidebar","sticky_sidebar":"1","share_position":"top","share_float_style":"share-monocrhome","show_share_counter":"1","show_view_counter":"1","show_featured":"1","show_post_meta":"1","show_post_author":"1","show_post_author_image":"1","show_post_date":"1","post_date_format":"default","post_date_format_custom":"Y\/m\/d","show_post_category":"1","show_post_reading_time":"0","post_reading_time_wpm":"300","show_zoom_button":"0","zoom_button_out_step":"2","zoom_button_in_step":"3","show_post_tag":"1","show_prev_next_post":"1","show_popup_post":"1","number_popup_post":"1","show_author_box":"0","show_post_related":"0","show_inline_post_related":"0"}],"override_image_size":"0","image_override":[{"single_post_thumbnail_size":"crop-500","single_post_gallery_size":"crop-500"}],"trending_post":"0","trending_post_position":"meta","trending_post_label":"Trending","sponsored_post":"0","sponsored_post_label":"Sponsored by","sponsored_post_name":"","sponsored_post_url":"","sponsored_post_logo_enable":"0","sponsored_post_logo":"","sponsored_post_desc":"","disable_ad":"0"},"jnews_primary_category":{"id":""},"jnews_social_meta":{"fb_title":"","fb_description":"","fb_image":"","twitter_title":"","twitter_description":"","twitter_image":""},"jnews_override_counter":{"override_view_counter":"0","view_counter_number":"0","override_share_counter":"0","share_counter_number":"0","override_like_counter":"0","like_counter_number":"0","override_dislike_counter":"0","dislike_counter_number":"0"},"footnotes":""},"categories":[2],"tags":[],"class_list":["post-161","post","type-post","status-publish","format-standard","has-post-thumbnail","hentry","category-articulos"],"_links":{"self":[{"href":"https:\/\/revistapymes.es\/fondos-next-generation\/wp-json\/wp\/v2\/posts\/161","targetHints":{"allow":["GET"]}}],"collection":[{"href":"https:\/\/revistapymes.es\/fondos-next-generation\/wp-json\/wp\/v2\/posts"}],"about":[{"href":"https:\/\/revistapymes.es\/fondos-next-generation\/wp-json\/wp\/v2\/types\/post"}],"author":[{"embeddable":true,"href":"https:\/\/revistapymes.es\/fondos-next-generation\/wp-json\/wp\/v2\/users\/1"}],"replies":[{"embeddable":true,"href":"https:\/\/revistapymes.es\/fondos-next-generation\/wp-json\/wp\/v2\/comments?post=161"}],"version-history":[{"count":1,"href":"https:\/\/revistapymes.es\/fondos-next-generation\/wp-json\/wp\/v2\/posts\/161\/revisions"}],"predecessor-version":[{"id":163,"href":"https:\/\/revistapymes.es\/fondos-next-generation\/wp-json\/wp\/v2\/posts\/161\/revisions\/163"}],"wp:featuredmedia":[{"embeddable":true,"href":"https:\/\/revistapymes.es\/fondos-next-generation\/wp-json\/wp\/v2\/media\/162"}],"wp:attachment":[{"href":"https:\/\/revistapymes.es\/fondos-next-generation\/wp-json\/wp\/v2\/media?parent=161"}],"wp:term":[{"taxonomy":"category","embeddable":true,"href":"https:\/\/revistapymes.es\/fondos-next-generation\/wp-json\/wp\/v2\/categories?post=161"},{"taxonomy":"post_tag","embeddable":true,"href":"https:\/\/revistapymes.es\/fondos-next-generation\/wp-json\/wp\/v2\/tags?post=161"}],"curies":[{"name":"wp","href":"https:\/\/api.w.org\/{rel}","templated":true}]}}