{"id":229,"date":"2022-05-19T08:52:24","date_gmt":"2022-05-19T08:52:24","guid":{"rendered":"https:\/\/revistapymes.es\/fondos-next-generation\/?p=229"},"modified":"2022-05-24T08:44:00","modified_gmt":"2022-05-24T08:44:00","slug":"el-45-de-las-pymes-catalanas-ya-han-solicitado-el-bono-digital","status":"publish","type":"post","link":"https:\/\/revistapymes.es\/fondos-next-generation\/2022\/05\/19\/el-45-de-las-pymes-catalanas-ya-han-solicitado-el-bono-digital\/","title":{"rendered":"El 45 % de las pymes catalanas ya han solicitado el bono digital"},"content":{"rendered":"<p>Nadia Calvi\u00f1o, vicepresidenta primera y ministra de Asuntos Econ\u00f3micos y Transformaci\u00f3n Digital, ha informado de que m\u00e1s del 45 % de las empresas de entre 10 y 49 empleados de Catalu\u00f1a ya han solicitado las ayudas del programa Kit Digital. Unas ayudas que, a nivel nacional, ya han solicitado m\u00e1s de 56.000 pymes. Para Calvi\u00f1o \u201cesto es un s\u00edntoma muy positivo de que las empresas quieren invertir en su futuro, quieren modernizarse y aprovechar los fondos europeos\u201d, ha comentado.<\/p>\n<p>Actualmente Catalu\u00f1a cuenta con un total de 24.176 empresas de entre 10 y 49 empleados. De estas compa\u00f1\u00edas ya han solicitado el bono digital cerca de 11.000. Por provincias, Lleida y Tarragona, con el 54,3 % y 52,3 %, respectivamente, son las provincias en las que m\u00e1s solicitudes se han tramitado. Por su parte, en Barcelona de 18.484 empresas han pedido la ayuda un 43,3 %, es decir, 8.024 pymes. Por \u00faltimo, la provincia de Girona ha presentado en este tiempo 1.253 solicitudes, un 49,6 % del total.<\/p>\n<p>En definitiva, tanto la comunidad como las provincias tienen una tasa de solicitudes superior al 40 %. Adem\u00e1s, Lleida es la cuarta provincia de toda Espa\u00f1a que mayor n\u00famero de solicitudes ha tramitado desde que se abri\u00f3 la <a href=\"https:\/\/sede.red.gob.es\/\"><strong>primera convocatoria del Kit Digital<\/strong><\/a>.<\/p>\n","protected":false},"excerpt":{"rendered":"<p>Nadia Calvi\u00f1o, vicepresidenta primera y ministra de Asuntos Econ\u00f3micos y Transformaci\u00f3n Digital, ha informado de que m\u00e1s del 45 % de las empresas de entre 10 y 49 empleados de Catalu\u00f1a ya han solicitado las ayudas del programa Kit Digital. Unas ayudas que, a nivel nacional, ya han solicitado m\u00e1s de 56.000 pymes. Para Calvi\u00f1o [&hellip;]<\/p>\n","protected":false},"author":1,"featured_media":225,"comment_status":"closed","ping_status":"closed","sticky":false,"template":"","format":"standard","meta":{"jnews-multi-image_gallery":[],"jnews_single_post":{"source_name":"","source_url":"","via_name":"","via_url":"","override_template":"0","override":[{"template":"1","single_blog_custom":"","parallax":"1","fullscreen":"1","layout":"right-sidebar","sidebar":"default-sidebar","second_sidebar":"default-sidebar","sticky_sidebar":"1","share_position":"top","share_float_style":"share-monocrhome","show_share_counter":"1","show_view_counter":"1","show_featured":"1","show_post_meta":"1","show_post_author":"1","show_post_author_image":"1","show_post_date":"1","post_date_format":"default","post_date_format_custom":"Y\/m\/d","show_post_category":"1","show_post_reading_time":"0","post_reading_time_wpm":"300","show_zoom_button":"0","zoom_button_out_step":"2","zoom_button_in_step":"3","show_post_tag":"1","show_prev_next_post":"1","show_popup_post":"1","number_popup_post":"1","show_author_box":"0","show_post_related":"0","show_inline_post_related":"0"}],"override_image_size":"0","image_override":[{"single_post_thumbnail_size":"crop-500","single_post_gallery_size":"crop-500"}],"trending_post":"0","trending_post_position":"meta","trending_post_label":"Trending","sponsored_post":"0","sponsored_post_label":"Sponsored by","sponsored_post_name":"","sponsored_post_url":"","sponsored_post_logo_enable":"0","sponsored_post_logo":"","sponsored_post_desc":"","disable_ad":"0"},"jnews_primary_category":{"id":""},"jnews_social_meta":{"fb_title":"","fb_description":"","fb_image":"","twitter_title":"","twitter_description":"","twitter_image":""},"jnews_override_counter":{"override_view_counter":"0","view_counter_number":"0","override_share_counter":"0","share_counter_number":"0","override_like_counter":"0","like_counter_number":"0","override_dislike_counter":"0","dislike_counter_number":"0"},"footnotes":""},"categories":[2],"tags":[],"class_list":["post-229","post","type-post","status-publish","format-standard","has-post-thumbnail","hentry","category-articulos"],"_links":{"self":[{"href":"https:\/\/revistapymes.es\/fondos-next-generation\/wp-json\/wp\/v2\/posts\/229","targetHints":{"allow":["GET"]}}],"collection":[{"href":"https:\/\/revistapymes.es\/fondos-next-generation\/wp-json\/wp\/v2\/posts"}],"about":[{"href":"https:\/\/revistapymes.es\/fondos-next-generation\/wp-json\/wp\/v2\/types\/post"}],"author":[{"embeddable":true,"href":"https:\/\/revistapymes.es\/fondos-next-generation\/wp-json\/wp\/v2\/users\/1"}],"replies":[{"embeddable":true,"href":"https:\/\/revistapymes.es\/fondos-next-generation\/wp-json\/wp\/v2\/comments?post=229"}],"version-history":[{"count":2,"href":"https:\/\/revistapymes.es\/fondos-next-generation\/wp-json\/wp\/v2\/posts\/229\/revisions"}],"predecessor-version":[{"id":271,"href":"https:\/\/revistapymes.es\/fondos-next-generation\/wp-json\/wp\/v2\/posts\/229\/revisions\/271"}],"wp:featuredmedia":[{"embeddable":true,"href":"https:\/\/revistapymes.es\/fondos-next-generation\/wp-json\/wp\/v2\/media\/225"}],"wp:attachment":[{"href":"https:\/\/revistapymes.es\/fondos-next-generation\/wp-json\/wp\/v2\/media?parent=229"}],"wp:term":[{"taxonomy":"category","embeddable":true,"href":"https:\/\/revistapymes.es\/fondos-next-generation\/wp-json\/wp\/v2\/categories?post=229"},{"taxonomy":"post_tag","embeddable":true,"href":"https:\/\/revistapymes.es\/fondos-next-generation\/wp-json\/wp\/v2\/tags?post=229"}],"curies":[{"name":"wp","href":"https:\/\/api.w.org\/{rel}","templated":true}]}}