{"id":298,"date":"2022-06-16T09:08:06","date_gmt":"2022-06-16T09:08:06","guid":{"rendered":"https:\/\/revistapymes.es\/fondos-next-generation\/?p=298"},"modified":"2022-06-16T09:08:06","modified_gmt":"2022-06-16T09:08:06","slug":"adigital-y-kpmg-lanzan-un-nuevo-servicio-para-facilitar-la-gestion-del-kit-digital-a-los-asociados","status":"publish","type":"post","link":"https:\/\/revistapymes.es\/fondos-next-generation\/2022\/06\/16\/adigital-y-kpmg-lanzan-un-nuevo-servicio-para-facilitar-la-gestion-del-kit-digital-a-los-asociados\/","title":{"rendered":"Adigital y KPMG lanzan un nuevo servicio para facilitar la gesti\u00f3n del Kit Digital a los asociados"},"content":{"rendered":"<p>La Asociaci\u00f3n Espa\u00f1ola de la Econom\u00eda Digital (Adigital) acaba de anunciar un acuerdo con KPMG. A trav\u00e9s de esta alianza estrat\u00e9gica ambas organizaciones han lanzado un<strong><a href=\"https:\/\/www.adigital.org\/sobre-adigital\/servicios\/kit-digital\/\"> nuevo servicio de gesti\u00f3n de solicitudes de los bonos del programa Kit Digital<\/a><\/strong>.<\/p>\n<p>El nuevo servicio, exclusivo y personalizado para las empresas asociadas a Adigital, se ha puesto en marcha a trav\u00e9s de KPMG Impulsa y tiene como objetivo facilitar a los asociados de Adigital la tramitaci\u00f3n de las ayudas, tanto si es para avanzar en sus propios procesos de digitalizaci\u00f3n o, si el asociado es agente digitalizador, en los de sus clientes.<\/p>\n<p>Esta actuaci\u00f3n est\u00e1 enmarcada en la estrategia de la nueva Direcci\u00f3n de Fondos de Adigital. Una direcci\u00f3n que naci\u00f3 en 2021 y que est\u00e1 especializada en la identificaci\u00f3n de convocatorias y fondos europeos y nacionales y en relaciones institucionales.<\/p>\n<p>Est\u00e1 \u00e1rea abarca todas las l\u00edneas vinculadas al Plan de Recuperaci\u00f3n, Transformaci\u00f3n y Resiliencia del Gobierno, el cual est\u00e1 financiado por los fondos NextGenerationEU, y los fondos europeos de gesti\u00f3n directa de la Uni\u00f3n Europea o en colaboraci\u00f3n con otros Estados miembros, as\u00ed como los fondos nacionales cuyos presupuesto no est\u00e9n ligados al plan del Ejecutivo espa\u00f1ol.<\/p>\n<p>Adigital tambi\u00e9n analiza para sus asociados oportunidades de financiaci\u00f3n de inter\u00e9s y proporciona asesoramiento personalizado sobre convocatorias concretas. Asimismo, la asociaci\u00f3n organiza seminarios exclusivos sobre los fondos europeos y otras l\u00edneas de financiaci\u00f3n.<\/p>\n","protected":false},"excerpt":{"rendered":"<p>La Asociaci\u00f3n Espa\u00f1ola de la Econom\u00eda Digital (Adigital) acaba de anunciar un acuerdo con KPMG. A trav\u00e9s de esta alianza estrat\u00e9gica ambas organizaciones han lanzado un nuevo servicio de gesti\u00f3n de solicitudes de los bonos del programa Kit Digital. El nuevo servicio, exclusivo y personalizado para las empresas asociadas a Adigital, se ha puesto en [&hellip;]<\/p>\n","protected":false},"author":9,"featured_media":299,"comment_status":"closed","ping_status":"closed","sticky":false,"template":"","format":"standard","meta":{"jnews-multi-image_gallery":[],"jnews_single_post":{"source_name":"","source_url":"","via_name":"","via_url":"","override_template":"0","override":[{"template":"1","single_blog_custom":"","parallax":"1","fullscreen":"1","layout":"right-sidebar","sidebar":"default-sidebar","second_sidebar":"default-sidebar","sticky_sidebar":"1","share_position":"top","share_float_style":"share-monocrhome","show_share_counter":"1","show_view_counter":"1","show_featured":"1","show_post_meta":"1","show_post_author":"1","show_post_author_image":"1","show_post_date":"1","post_date_format":"default","post_date_format_custom":"Y\/m\/d","show_post_category":"1","show_post_reading_time":"0","post_reading_time_wpm":"300","show_zoom_button":"0","zoom_button_out_step":"2","zoom_button_in_step":"3","show_post_tag":"1","show_prev_next_post":"1","show_popup_post":"1","number_popup_post":"1","show_author_box":"0","show_post_related":"0","show_inline_post_related":"0"}],"override_image_size":"0","image_override":[{"single_post_thumbnail_size":"crop-500","single_post_gallery_size":"crop-500"}],"trending_post":"0","trending_post_position":"meta","trending_post_label":"Trending","sponsored_post":"0","sponsored_post_label":"Sponsored by","sponsored_post_name":"","sponsored_post_url":"","sponsored_post_logo_enable":"0","sponsored_post_logo":"","sponsored_post_desc":"","disable_ad":"0"},"jnews_primary_category":{"id":""},"jnews_social_meta":{"fb_title":"","fb_description":"","fb_image":"","twitter_title":"","twitter_description":"","twitter_image":""},"jnews_override_counter":{"override_view_counter":"0","view_counter_number":"0","override_share_counter":"0","share_counter_number":"0","override_like_counter":"0","like_counter_number":"0","override_dislike_counter":"0","dislike_counter_number":"0"},"footnotes":""},"categories":[2],"tags":[21,14,12,19],"class_list":["post-298","post","type-post","status-publish","format-standard","has-post-thumbnail","hentry","category-articulos","tag-adigital","tag-fondos-nextgenerationeu","tag-kit-digital","tag-revista-pymes"],"_links":{"self":[{"href":"https:\/\/revistapymes.es\/fondos-next-generation\/wp-json\/wp\/v2\/posts\/298","targetHints":{"allow":["GET"]}}],"collection":[{"href":"https:\/\/revistapymes.es\/fondos-next-generation\/wp-json\/wp\/v2\/posts"}],"about":[{"href":"https:\/\/revistapymes.es\/fondos-next-generation\/wp-json\/wp\/v2\/types\/post"}],"author":[{"embeddable":true,"href":"https:\/\/revistapymes.es\/fondos-next-generation\/wp-json\/wp\/v2\/users\/9"}],"replies":[{"embeddable":true,"href":"https:\/\/revistapymes.es\/fondos-next-generation\/wp-json\/wp\/v2\/comments?post=298"}],"version-history":[{"count":1,"href":"https:\/\/revistapymes.es\/fondos-next-generation\/wp-json\/wp\/v2\/posts\/298\/revisions"}],"predecessor-version":[{"id":300,"href":"https:\/\/revistapymes.es\/fondos-next-generation\/wp-json\/wp\/v2\/posts\/298\/revisions\/300"}],"wp:featuredmedia":[{"embeddable":true,"href":"https:\/\/revistapymes.es\/fondos-next-generation\/wp-json\/wp\/v2\/media\/299"}],"wp:attachment":[{"href":"https:\/\/revistapymes.es\/fondos-next-generation\/wp-json\/wp\/v2\/media?parent=298"}],"wp:term":[{"taxonomy":"category","embeddable":true,"href":"https:\/\/revistapymes.es\/fondos-next-generation\/wp-json\/wp\/v2\/categories?post=298"},{"taxonomy":"post_tag","embeddable":true,"href":"https:\/\/revistapymes.es\/fondos-next-generation\/wp-json\/wp\/v2\/tags?post=298"}],"curies":[{"name":"wp","href":"https:\/\/api.w.org\/{rel}","templated":true}]}}