{"id":301,"date":"2022-06-14T09:51:21","date_gmt":"2022-06-14T09:51:21","guid":{"rendered":"https:\/\/revistapymes.es\/fondos-next-generation\/?p=301"},"modified":"2022-06-16T09:57:27","modified_gmt":"2022-06-16T09:57:27","slug":"nuevo-seminario-de-vodafone-para-facilitar-el-acceso-al-kit-digital-a-las-empresas-entre-tres-y-nueve-empleados","status":"publish","type":"post","link":"https:\/\/revistapymes.es\/fondos-next-generation\/2022\/06\/14\/nuevo-seminario-de-vodafone-para-facilitar-el-acceso-al-kit-digital-a-las-empresas-entre-tres-y-nueve-empleados\/","title":{"rendered":"Nuevo seminario de Vodafone para facilitar el acceso al Kit Digital a las empresas entre tres y nueve empleados"},"content":{"rendered":"<p>La segunda convocatoria del programa Kit Digital ir\u00e1 dirigida a empresas entre tres y nueve empleados. Ante la inminente apertura de esta segunda ronda de ayudas, se espera que la convocatoria se abra en julio, Vodafone ha organizado una nueva sesi\u00f3n informativa dirigida a resolver todas las dudas para solicitar los bonos digitales por valor de 6.000 euros.<\/p>\n<p>La operadora, en su papel de agente digitalizador, pretende de esta manera facilitar la tramitaci\u00f3n de las ayudas y la posterior gesti\u00f3n del bono digital. Adem\u00e1s, Vodafone ofrece asesoramiento en la elecci\u00f3n de soluciones adecuadas para su transformaci\u00f3n digital y acompa\u00f1amiento en todo el proceso de contrataci\u00f3n, implantaci\u00f3n y puesta en marcha de dichas soluciones.<\/p>\n<p>Asimismo, los clientes de la operadora podr\u00e1n acceder a toda la informaci\u00f3n relativa al programa Kit Digital de los fondos europeos a trav\u00e9s de su app Mi Vodafone. La compa\u00f1\u00eda ha preparado cuatro categor\u00edas de kits digitales, todos ellos orientados al mayor uso y beneficio de la digitalizaci\u00f3n de las pymes.<\/p>\n<p>Estos cuatro packs son: tu negocio online, puesto de trabajo digital, gestiona tu negocio y clientes y ciberseguridad. Las empresas interesadas en asistir a esta sesi\u00f3n informativa online ya pueden<strong> <a href=\"https:\/\/register.gotowebinar.com\/register\/8584449551956585230\">registrarse<\/a><\/strong>. Adem\u00e1s, a trav\u00e9s de <strong><a href=\"https:\/\/lab.vodafone.es\/lab-sessions\/fondos-europeos-next-generation\">VodafoneLab<\/a><\/strong> se puede encontrar m\u00e1s informaci\u00f3n referente al programa Kit Digital y la oferta de la operadora.<\/p>\n","protected":false},"excerpt":{"rendered":"<p>La segunda convocatoria del programa Kit Digital ir\u00e1 dirigida a empresas entre tres y nueve empleados. Ante la inminente apertura de esta segunda ronda de ayudas, se espera que la convocatoria se abra en julio, Vodafone ha organizado una nueva sesi\u00f3n informativa dirigida a resolver todas las dudas para solicitar los bonos digitales por valor [&hellip;]<\/p>\n","protected":false},"author":9,"featured_media":302,"comment_status":"closed","ping_status":"closed","sticky":false,"template":"","format":"standard","meta":{"jnews-multi-image_gallery":[],"jnews_single_post":{"source_name":"","source_url":"","via_name":"","via_url":"","override_template":"0","override":[{"template":"1","single_blog_custom":"","parallax":"1","fullscreen":"1","layout":"right-sidebar","sidebar":"default-sidebar","second_sidebar":"default-sidebar","sticky_sidebar":"1","share_position":"top","share_float_style":"share-monocrhome","show_share_counter":"1","show_view_counter":"1","show_featured":"1","show_post_meta":"1","show_post_author":"1","show_post_author_image":"1","show_post_date":"1","post_date_format":"default","post_date_format_custom":"Y\/m\/d","show_post_category":"1","show_post_reading_time":"0","post_reading_time_wpm":"300","show_zoom_button":"0","zoom_button_out_step":"2","zoom_button_in_step":"3","show_post_tag":"1","show_prev_next_post":"1","show_popup_post":"1","number_popup_post":"1","show_author_box":"0","show_post_related":"0","show_inline_post_related":"0"}],"override_image_size":"0","image_override":[{"single_post_thumbnail_size":"crop-500","single_post_gallery_size":"crop-500"}],"trending_post":"0","trending_post_position":"meta","trending_post_label":"Trending","sponsored_post":"0","sponsored_post_label":"Sponsored by","sponsored_post_name":"","sponsored_post_url":"","sponsored_post_logo_enable":"0","sponsored_post_logo":"","sponsored_post_desc":"","disable_ad":"0"},"jnews_primary_category":{"id":""},"jnews_social_meta":{"fb_title":"","fb_description":"","fb_image":"","twitter_title":"","twitter_description":"","twitter_image":""},"jnews_override_counter":{"override_view_counter":"0","view_counter_number":"0","override_share_counter":"0","share_counter_number":"0","override_like_counter":"0","like_counter_number":"0","override_dislike_counter":"0","dislike_counter_number":"0"},"footnotes":""},"categories":[2],"tags":[14,12,19,22],"class_list":["post-301","post","type-post","status-publish","format-standard","has-post-thumbnail","hentry","category-articulos","tag-fondos-nextgenerationeu","tag-kit-digital","tag-revista-pymes","tag-vodafone"],"_links":{"self":[{"href":"https:\/\/revistapymes.es\/fondos-next-generation\/wp-json\/wp\/v2\/posts\/301","targetHints":{"allow":["GET"]}}],"collection":[{"href":"https:\/\/revistapymes.es\/fondos-next-generation\/wp-json\/wp\/v2\/posts"}],"about":[{"href":"https:\/\/revistapymes.es\/fondos-next-generation\/wp-json\/wp\/v2\/types\/post"}],"author":[{"embeddable":true,"href":"https:\/\/revistapymes.es\/fondos-next-generation\/wp-json\/wp\/v2\/users\/9"}],"replies":[{"embeddable":true,"href":"https:\/\/revistapymes.es\/fondos-next-generation\/wp-json\/wp\/v2\/comments?post=301"}],"version-history":[{"count":2,"href":"https:\/\/revistapymes.es\/fondos-next-generation\/wp-json\/wp\/v2\/posts\/301\/revisions"}],"predecessor-version":[{"id":304,"href":"https:\/\/revistapymes.es\/fondos-next-generation\/wp-json\/wp\/v2\/posts\/301\/revisions\/304"}],"wp:featuredmedia":[{"embeddable":true,"href":"https:\/\/revistapymes.es\/fondos-next-generation\/wp-json\/wp\/v2\/media\/302"}],"wp:attachment":[{"href":"https:\/\/revistapymes.es\/fondos-next-generation\/wp-json\/wp\/v2\/media?parent=301"}],"wp:term":[{"taxonomy":"category","embeddable":true,"href":"https:\/\/revistapymes.es\/fondos-next-generation\/wp-json\/wp\/v2\/categories?post=301"},{"taxonomy":"post_tag","embeddable":true,"href":"https:\/\/revistapymes.es\/fondos-next-generation\/wp-json\/wp\/v2\/tags?post=301"}],"curies":[{"name":"wp","href":"https:\/\/api.w.org\/{rel}","templated":true}]}}