{"id":320,"date":"2022-07-01T11:03:11","date_gmt":"2022-07-01T11:03:11","guid":{"rendered":"https:\/\/revistapymes.es\/fondos-next-generation\/?p=320"},"modified":"2022-07-05T07:55:23","modified_gmt":"2022-07-05T07:55:23","slug":"espana-recibira-7-700-millones-de-euros-mas-procedentes-de-los-fondos-del-mecanismo-de-recuperacion-y-resiliencia","status":"publish","type":"post","link":"https:\/\/revistapymes.es\/fondos-next-generation\/2022\/07\/01\/espana-recibira-7-700-millones-de-euros-mas-procedentes-de-los-fondos-del-mecanismo-de-recuperacion-y-resiliencia\/","title":{"rendered":"Espa\u00f1a recibir\u00e1 7.700 millones de euros m\u00e1s procedentes de los fondos del Mecanismo de Recuperaci\u00f3n y Resiliencia"},"content":{"rendered":"<p>7.706 millones de euros m\u00e1s de los previstos es la cantidad extra que recibir\u00e1 Espa\u00f1a tras la actualizaci\u00f3n, por parte de la Comisi\u00f3n Europea, de la contribuci\u00f3n financiera m\u00e1xima prevista en el Mecanismo de Recuperaci\u00f3n y Resiliencia. De esta manera a Espa\u00f1a le corresponden 77.234 millones de euros en lugar de los 69.528 millones de euros que se hab\u00edan otorgado en un principio.<\/p>\n<p>Seg\u00fan establece el Reglamento del Mecanismo de Recuperaci\u00f3n y Resiliencia, la contribuci\u00f3n financiera m\u00e1xima se computa sobre la base de una f\u00f3rmula que tiene en cuenta variables relacionadas con la poblaci\u00f3n, el PIB per c\u00e1pita o el crecimiento de la econom\u00eda entre 2020 y 2021. Tal y como se recoge en el art\u00edculo 11.1 del reglamento el 30 % de dicha contribuci\u00f3n se tiene que volver a calcular en base a estos par\u00e1metros. Un c\u00e1lculo que deb\u00eda hacerse antes del 30 de junio de 2022.<\/p>\n<p>Tras la actualizaci\u00f3n de la cantidad total de transferencias no reembolsables disponibles para Espa\u00f1a se deber\u00e1 tambi\u00e9n actualizar el Plan de Recuperaci\u00f3n, Transformaci\u00f3n y Resiliencia para incluir nuevas inversiones.<\/p>\n<p>Adem\u00e1s, la Comisi\u00f3n Europea ha publicado una valoraci\u00f3n preliminar sobre el cumplimiento, por parte de Espa\u00f1a, de los 40 hitos y objetivos vinculados al segundo desembolso del Plan de Recuperaci\u00f3n, Transformaci\u00f3n y Resiliencia. Una valoraci\u00f3n que ha resultado positiva y se ha iniciado el proceso para el pago de 12.000 millones de euros.<\/p>\n<p>Una vez que el pago se haga efectivo, Espa\u00f1a habr\u00e1 recibido 31.000 millones de euros. 9.036 millones de euros recibidos en agosto de 2021 como anticipo, 10.000 millones del primer desembolso que se transfirieron en diciembre del pasado a\u00f1o y los 12.000 millones correspondientes al segundo pago.<\/p>\n","protected":false},"excerpt":{"rendered":"<p>7.706 millones de euros m\u00e1s de los previstos es la cantidad extra que recibir\u00e1 Espa\u00f1a tras la actualizaci\u00f3n, por parte de la Comisi\u00f3n Europea, de la contribuci\u00f3n financiera m\u00e1xima prevista en el Mecanismo de Recuperaci\u00f3n y Resiliencia. De esta manera a Espa\u00f1a le corresponden 77.234 millones de euros en lugar de los 69.528 millones de [&hellip;]<\/p>\n","protected":false},"author":9,"featured_media":321,"comment_status":"closed","ping_status":"closed","sticky":false,"template":"","format":"standard","meta":{"jnews-multi-image_gallery":[],"jnews_single_post":{"source_name":"","source_url":"","via_name":"","via_url":"","override_template":"0","override":[{"template":"1","single_blog_custom":"","parallax":"1","fullscreen":"1","layout":"right-sidebar","sidebar":"default-sidebar","second_sidebar":"default-sidebar","sticky_sidebar":"1","share_position":"top","share_float_style":"share-monocrhome","show_share_counter":"1","show_view_counter":"1","show_featured":"1","show_post_meta":"1","show_post_author":"1","show_post_author_image":"1","show_post_date":"1","post_date_format":"default","post_date_format_custom":"Y\/m\/d","show_post_category":"1","show_post_reading_time":"0","post_reading_time_wpm":"300","show_zoom_button":"0","zoom_button_out_step":"2","zoom_button_in_step":"3","show_post_tag":"1","show_prev_next_post":"1","show_popup_post":"1","number_popup_post":"1","show_author_box":"0","show_post_related":"0","show_inline_post_related":"0"}],"override_image_size":"0","image_override":[{"single_post_thumbnail_size":"crop-500","single_post_gallery_size":"crop-500"}],"trending_post":"0","trending_post_position":"meta","trending_post_label":"Trending","sponsored_post":"0","sponsored_post_label":"Sponsored by","sponsored_post_name":"","sponsored_post_url":"","sponsored_post_logo_enable":"0","sponsored_post_logo":"","sponsored_post_desc":"","disable_ad":"0"},"jnews_primary_category":{"id":""},"jnews_social_meta":{"fb_title":"","fb_description":"","fb_image":"","twitter_title":"","twitter_description":"","twitter_image":""},"jnews_override_counter":{"override_view_counter":"0","view_counter_number":"0","override_share_counter":"0","share_counter_number":"0","override_like_counter":"0","like_counter_number":"0","override_dislike_counter":"0","dislike_counter_number":"0"},"footnotes":""},"categories":[2],"tags":[14,27,28,19,29],"class_list":["post-320","post","type-post","status-publish","format-standard","has-post-thumbnail","hentry","category-articulos","tag-fondos-nextgenerationeu","tag-mecanismos-de-recuperacion-y-resiliencia","tag-plan-de-recuperacion","tag-revista-pymes","tag-transformacion-y-resiliencia"],"_links":{"self":[{"href":"https:\/\/revistapymes.es\/fondos-next-generation\/wp-json\/wp\/v2\/posts\/320","targetHints":{"allow":["GET"]}}],"collection":[{"href":"https:\/\/revistapymes.es\/fondos-next-generation\/wp-json\/wp\/v2\/posts"}],"about":[{"href":"https:\/\/revistapymes.es\/fondos-next-generation\/wp-json\/wp\/v2\/types\/post"}],"author":[{"embeddable":true,"href":"https:\/\/revistapymes.es\/fondos-next-generation\/wp-json\/wp\/v2\/users\/9"}],"replies":[{"embeddable":true,"href":"https:\/\/revistapymes.es\/fondos-next-generation\/wp-json\/wp\/v2\/comments?post=320"}],"version-history":[{"count":3,"href":"https:\/\/revistapymes.es\/fondos-next-generation\/wp-json\/wp\/v2\/posts\/320\/revisions"}],"predecessor-version":[{"id":324,"href":"https:\/\/revistapymes.es\/fondos-next-generation\/wp-json\/wp\/v2\/posts\/320\/revisions\/324"}],"wp:featuredmedia":[{"embeddable":true,"href":"https:\/\/revistapymes.es\/fondos-next-generation\/wp-json\/wp\/v2\/media\/321"}],"wp:attachment":[{"href":"https:\/\/revistapymes.es\/fondos-next-generation\/wp-json\/wp\/v2\/media?parent=320"}],"wp:term":[{"taxonomy":"category","embeddable":true,"href":"https:\/\/revistapymes.es\/fondos-next-generation\/wp-json\/wp\/v2\/categories?post=320"},{"taxonomy":"post_tag","embeddable":true,"href":"https:\/\/revistapymes.es\/fondos-next-generation\/wp-json\/wp\/v2\/tags?post=320"}],"curies":[{"name":"wp","href":"https:\/\/api.w.org\/{rel}","templated":true}]}}