{"id":341,"date":"2022-07-15T10:00:41","date_gmt":"2022-07-15T10:00:41","guid":{"rendered":"https:\/\/revistapymes.es\/fondos-next-generation\/?p=341"},"modified":"2022-07-11T13:31:14","modified_gmt":"2022-07-11T13:31:14","slug":"mas-de-450-pymes-y-autonomos-han-recibido-asesoramiento-a-traves-de-la-oficina-acelera-pyme-del-coit","status":"publish","type":"post","link":"https:\/\/revistapymes.es\/fondos-next-generation\/2022\/07\/15\/mas-de-450-pymes-y-autonomos-han-recibido-asesoramiento-a-traves-de-la-oficina-acelera-pyme-del-coit\/","title":{"rendered":"M\u00e1s de 450 pymes y aut\u00f3nomos han recibido asesoramiento a trav\u00e9s de la oficina Acelera Pyme del COIT"},"content":{"rendered":"<p>La oficina Acelera Pyme del Colegio Oficial de Ingenieros de Telecomunicaci\u00f3n (COIT) en Andaluc\u00eda ha realizado, en su primer a\u00f1o, m\u00e1s de 450 asesoramientos a pymes y aut\u00f3nomos. La oficina, que se ha convertido en un punto de contacto para que pymes y aut\u00f3nomos resuelvan sus dudas sobre el proceso de transformaci\u00f3n digital, est\u00e1 asesorando a trav\u00e9s de diferentes jornadas informativas sobre el programa de ayudas Kit Digital.<\/p>\n<p>Esta oficina tiene dos espacios f\u00edsicos en Andaluc\u00eda. Uno se encuentra en la sede de COIT en Sevilla y otro en M\u00e1laga. Desde ambas sedes se anima a todas las pymes y aut\u00f3nomos interesados en digitalizar su negocio en solicitar las ayudas del Kit Digital y acudir a cualquiera de las dos oficinas para resolver todas las dudas que se les presenten.<\/p>\n<p>Adem\u00e1s, la oficina Acelera Pyme COIT ha llevado a cabo m\u00e1s de 25 <strong><a href=\"https:\/\/aceleratic.es\/webinars\">jornadas divulgativas<\/a><\/strong> enfocadas a diferentes tem\u00e1ticas como estrategias de marketing y crecimiento en Internet, protecci\u00f3n de datos, ciberseguridad, venta online e implantaci\u00f3n de CRM, as\u00ed como otras formaciones m\u00e1s espec\u00edficas a conocer los beneficios de la digitalizaci\u00f3n.<\/p>\n<p>Igualmente, desde esta oficina se han firmado varios acuerdos de colaboraci\u00f3n con diferentes ayuntamientos, entidades p\u00fablicas, grupos de desarrollo rural y asociaciones. Entre estas alianzas destaca la difusi\u00f3n mediante jornadas informativas dirigidas a diferentes sectores para explicarles, por ejemplo, c\u00f3mo conseguir el Kit Digital, requisitos para ser beneficiario o procedimiento de justificaci\u00f3n, entre otros.<\/p>\n","protected":false},"excerpt":{"rendered":"<p>La oficina Acelera Pyme del Colegio Oficial de Ingenieros de Telecomunicaci\u00f3n (COIT) en Andaluc\u00eda ha realizado, en su primer a\u00f1o, m\u00e1s de 450 asesoramientos a pymes y aut\u00f3nomos. La oficina, que se ha convertido en un punto de contacto para que pymes y aut\u00f3nomos resuelvan sus dudas sobre el proceso de transformaci\u00f3n digital, est\u00e1 asesorando [&hellip;]<\/p>\n","protected":false},"author":9,"featured_media":344,"comment_status":"closed","ping_status":"closed","sticky":false,"template":"","format":"standard","meta":{"jnews-multi-image_gallery":[],"jnews_single_post":{"source_name":"","source_url":"","via_name":"","via_url":"","override_template":"0","override":[{"template":"1","single_blog_custom":"","parallax":"1","fullscreen":"1","layout":"right-sidebar","sidebar":"default-sidebar","second_sidebar":"default-sidebar","sticky_sidebar":"1","share_position":"top","share_float_style":"share-monocrhome","show_share_counter":"1","show_view_counter":"1","show_featured":"1","show_post_meta":"1","show_post_author":"1","show_post_author_image":"1","show_post_date":"1","post_date_format":"default","post_date_format_custom":"Y\/m\/d","show_post_category":"1","show_post_reading_time":"0","post_reading_time_wpm":"300","show_zoom_button":"0","zoom_button_out_step":"2","zoom_button_in_step":"3","show_post_tag":"1","show_prev_next_post":"1","show_popup_post":"1","number_popup_post":"1","show_author_box":"0","show_post_related":"0","show_inline_post_related":"0"}],"override_image_size":"0","image_override":[{"single_post_thumbnail_size":"crop-500","single_post_gallery_size":"crop-500"}],"trending_post":"0","trending_post_position":"meta","trending_post_label":"Trending","sponsored_post":"0","sponsored_post_label":"Sponsored by","sponsored_post_name":"","sponsored_post_url":"","sponsored_post_logo_enable":"0","sponsored_post_logo":"","sponsored_post_desc":"","disable_ad":"0"},"jnews_primary_category":{"id":""},"jnews_social_meta":{"fb_title":"","fb_description":"","fb_image":"","twitter_title":"","twitter_description":"","twitter_image":""},"jnews_override_counter":{"override_view_counter":"0","view_counter_number":"0","override_share_counter":"0","share_counter_number":"0","override_like_counter":"0","like_counter_number":"0","override_dislike_counter":"0","dislike_counter_number":"0"},"footnotes":""},"categories":[2],"tags":[31,32,14,19],"class_list":["post-341","post","type-post","status-publish","format-standard","has-post-thumbnail","hentry","category-articulos","tag-acelera-pyme","tag-colegio-oficial-de-ingenieros-de-telecomunicacion-coit","tag-fondos-nextgenerationeu","tag-revista-pymes"],"_links":{"self":[{"href":"https:\/\/revistapymes.es\/fondos-next-generation\/wp-json\/wp\/v2\/posts\/341","targetHints":{"allow":["GET"]}}],"collection":[{"href":"https:\/\/revistapymes.es\/fondos-next-generation\/wp-json\/wp\/v2\/posts"}],"about":[{"href":"https:\/\/revistapymes.es\/fondos-next-generation\/wp-json\/wp\/v2\/types\/post"}],"author":[{"embeddable":true,"href":"https:\/\/revistapymes.es\/fondos-next-generation\/wp-json\/wp\/v2\/users\/9"}],"replies":[{"embeddable":true,"href":"https:\/\/revistapymes.es\/fondos-next-generation\/wp-json\/wp\/v2\/comments?post=341"}],"version-history":[{"count":2,"href":"https:\/\/revistapymes.es\/fondos-next-generation\/wp-json\/wp\/v2\/posts\/341\/revisions"}],"predecessor-version":[{"id":343,"href":"https:\/\/revistapymes.es\/fondos-next-generation\/wp-json\/wp\/v2\/posts\/341\/revisions\/343"}],"wp:featuredmedia":[{"embeddable":true,"href":"https:\/\/revistapymes.es\/fondos-next-generation\/wp-json\/wp\/v2\/media\/344"}],"wp:attachment":[{"href":"https:\/\/revistapymes.es\/fondos-next-generation\/wp-json\/wp\/v2\/media?parent=341"}],"wp:term":[{"taxonomy":"category","embeddable":true,"href":"https:\/\/revistapymes.es\/fondos-next-generation\/wp-json\/wp\/v2\/categories?post=341"},{"taxonomy":"post_tag","embeddable":true,"href":"https:\/\/revistapymes.es\/fondos-next-generation\/wp-json\/wp\/v2\/tags?post=341"}],"curies":[{"name":"wp","href":"https:\/\/api.w.org\/{rel}","templated":true}]}}