{"id":353,"date":"2022-07-18T12:42:42","date_gmt":"2022-07-18T12:42:42","guid":{"rendered":"https:\/\/revistapymes.es\/fondos-next-generation\/?p=353"},"modified":"2022-07-18T12:42:42","modified_gmt":"2022-07-18T12:42:42","slug":"kit-digital-cuenta-atras-para-que-arranque-la-segunda-convocatoria","status":"publish","type":"post","link":"https:\/\/revistapymes.es\/fondos-next-generation\/2022\/07\/18\/kit-digital-cuenta-atras-para-que-arranque-la-segunda-convocatoria\/","title":{"rendered":"Kit Digital: cuenta atr\u00e1s para que arranque la segunda convocatoria"},"content":{"rendered":"<p>A escasas horas de que arranque la segunda convocatoria del programa Kit Digital, la publicaci\u00f3n de esta convocatoria est\u00e1 prevista para esta misma semana, los aut\u00f3nomos y pymes de entre tres y nueve empleados se preparan para solicitar estas ayudas.<\/p>\n<p>Seg\u00fan el Ministerio de Industria, Comercio y Turismo, en Espa\u00f1a hay m\u00e1s de 1.136.000 empresas con estas caracter\u00edsticas que podr\u00e1n empezar a presentar sus solicitudes en los pr\u00f3ximos d\u00edas. Adem\u00e1s, cabe se\u00f1alar que los aut\u00f3nomos que cuenten con dos empleados a su cargo tambi\u00e9n entran en esta convocatoria ya que, como se indica en los requisitos, cumplir\u00edan con el m\u00ednimo de tres trabajadores en la compa\u00f1\u00eda.<\/p>\n<p>Esta segunda convocatoria permitir\u00e1 a los beneficiarios disponer de un bono digital por valor de 6.000 euros para implementar las soluciones digitales que necesiten para digitalizar su negocio. Al igual que en la primera convocatoria las empresas podr\u00e1n elegir qu\u00e9 tipo de herramientas quieren instaurar entre las diferentes categor\u00edas existentes: sitio web y presencia en Internet, comercio electr\u00f3nico, gesti\u00f3n de redes sociales, gesti\u00f3n de clientes, factura electr\u00f3nica, servicios y herramientas de oficina digital, comunicaciones seguras y ciberseguridad.<\/p>\n<p>Los interesados en presentar la solitud para las ayudas del Kit Digital deber\u00e1n registrarse en la web de <strong><a href=\"https:\/\/www.acelerapyme.gob.es\/kit-digital\">Acelera Pyme<\/a><\/strong> y realizar el test de madurez digital. A continuaci\u00f3n, deber\u00e1n consultar el cat\u00e1logo de soluciones y elegir qu\u00e9 herramientas se adec\u00faan mejor a sus necesidades. Tambi\u00e9n deber\u00e1n elegir un <strong><a href=\"https:\/\/www.acelerapyme.gob.es\/kit-digital\/catalogo-digitalizadores\">agente digitalizador<\/a><\/strong> que ser\u00e1 el encargado de recibir dicho bono digital e implementar la soluci\u00f3n o soluciones elegidas.<\/p>\n<p>Las ayudas se conceder\u00e1n, al igual que ocurri\u00f3 en la primera convocatoria, por orden de llegada de las solicitudes, siempre que sean v\u00e1lidas, y hasta que se agote el presupuesto.<\/p>\n<p>Est\u00e1 previsto que la tercera convocatoria, dirigida a aut\u00f3nomos de uno o dos empleados, se abra despu\u00e9s del periodo vacacional, concretamente entre los meses de septiembre y octubre.<\/p>\n","protected":false},"excerpt":{"rendered":"<p>A escasas horas de que arranque la segunda convocatoria del programa Kit Digital, la publicaci\u00f3n de esta convocatoria est\u00e1 prevista para esta misma semana, los aut\u00f3nomos y pymes de entre tres y nueve empleados se preparan para solicitar estas ayudas. Seg\u00fan el Ministerio de Industria, Comercio y Turismo, en Espa\u00f1a hay m\u00e1s de 1.136.000 empresas [&hellip;]<\/p>\n","protected":false},"author":9,"featured_media":355,"comment_status":"closed","ping_status":"closed","sticky":false,"template":"","format":"standard","meta":{"jnews-multi-image_gallery":[],"jnews_single_post":{"source_name":"","source_url":"","via_name":"","via_url":"","override_template":"0","override":[{"template":"1","single_blog_custom":"","parallax":"1","fullscreen":"1","layout":"right-sidebar","sidebar":"default-sidebar","second_sidebar":"default-sidebar","sticky_sidebar":"1","share_position":"top","share_float_style":"share-monocrhome","show_share_counter":"1","show_view_counter":"1","show_featured":"1","show_post_meta":"1","show_post_author":"1","show_post_author_image":"1","show_post_date":"1","post_date_format":"default","post_date_format_custom":"Y\/m\/d","show_post_category":"1","show_post_reading_time":"0","post_reading_time_wpm":"300","show_zoom_button":"0","zoom_button_out_step":"2","zoom_button_in_step":"3","show_post_tag":"1","show_prev_next_post":"1","show_popup_post":"1","number_popup_post":"1","show_author_box":"0","show_post_related":"0","show_inline_post_related":"0"}],"override_image_size":"0","image_override":[{"single_post_thumbnail_size":"crop-500","single_post_gallery_size":"crop-500"}],"trending_post":"0","trending_post_position":"meta","trending_post_label":"Trending","sponsored_post":"0","sponsored_post_label":"Sponsored by","sponsored_post_name":"","sponsored_post_url":"","sponsored_post_logo_enable":"0","sponsored_post_logo":"","sponsored_post_desc":"","disable_ad":"0"},"jnews_primary_category":{"id":""},"jnews_social_meta":{"fb_title":"","fb_description":"","fb_image":"","twitter_title":"","twitter_description":"","twitter_image":""},"jnews_override_counter":{"override_view_counter":"0","view_counter_number":"0","override_share_counter":"0","share_counter_number":"0","override_like_counter":"0","like_counter_number":"0","override_dislike_counter":"0","dislike_counter_number":"0"},"footnotes":""},"categories":[2],"tags":[14,12,19],"class_list":["post-353","post","type-post","status-publish","format-standard","has-post-thumbnail","hentry","category-articulos","tag-fondos-nextgenerationeu","tag-kit-digital","tag-revista-pymes"],"_links":{"self":[{"href":"https:\/\/revistapymes.es\/fondos-next-generation\/wp-json\/wp\/v2\/posts\/353","targetHints":{"allow":["GET"]}}],"collection":[{"href":"https:\/\/revistapymes.es\/fondos-next-generation\/wp-json\/wp\/v2\/posts"}],"about":[{"href":"https:\/\/revistapymes.es\/fondos-next-generation\/wp-json\/wp\/v2\/types\/post"}],"author":[{"embeddable":true,"href":"https:\/\/revistapymes.es\/fondos-next-generation\/wp-json\/wp\/v2\/users\/9"}],"replies":[{"embeddable":true,"href":"https:\/\/revistapymes.es\/fondos-next-generation\/wp-json\/wp\/v2\/comments?post=353"}],"version-history":[{"count":2,"href":"https:\/\/revistapymes.es\/fondos-next-generation\/wp-json\/wp\/v2\/posts\/353\/revisions"}],"predecessor-version":[{"id":356,"href":"https:\/\/revistapymes.es\/fondos-next-generation\/wp-json\/wp\/v2\/posts\/353\/revisions\/356"}],"wp:featuredmedia":[{"embeddable":true,"href":"https:\/\/revistapymes.es\/fondos-next-generation\/wp-json\/wp\/v2\/media\/355"}],"wp:attachment":[{"href":"https:\/\/revistapymes.es\/fondos-next-generation\/wp-json\/wp\/v2\/media?parent=353"}],"wp:term":[{"taxonomy":"category","embeddable":true,"href":"https:\/\/revistapymes.es\/fondos-next-generation\/wp-json\/wp\/v2\/categories?post=353"},{"taxonomy":"post_tag","embeddable":true,"href":"https:\/\/revistapymes.es\/fondos-next-generation\/wp-json\/wp\/v2\/tags?post=353"}],"curies":[{"name":"wp","href":"https:\/\/api.w.org\/{rel}","templated":true}]}}