{"id":361,"date":"2022-08-10T12:00:38","date_gmt":"2022-08-10T12:00:38","guid":{"rendered":"https:\/\/revistapymes.es\/fondos-next-generation\/?p=361"},"modified":"2022-07-21T11:53:59","modified_gmt":"2022-07-21T11:53:59","slug":"aenor-impulsa-el-acceso-de-las-empresas-a-los-fondos-nextgenerationeu","status":"publish","type":"post","link":"https:\/\/revistapymes.es\/fondos-next-generation\/2022\/08\/10\/aenor-impulsa-el-acceso-de-las-empresas-a-los-fondos-nextgenerationeu\/","title":{"rendered":"AENOR impulsa el acceso de las empresas a los fondos NextGenerationEU"},"content":{"rendered":"<p>La Entidad Nacional de Acreditaci\u00f3n (ENAC) ha concedido dos nuevas acreditaciones a <strong><a href=\"https:\/\/www.aenor.com\/certificacion\/software-de-gestion-certool\/kit-digital\">AENOR<\/a><\/strong>. Gracias a estas dos certificaciones AENOR refuerza sus soluciones con el objetivo de impulsar el acceso de las empresas a los fondos NextGenerationEU.<\/p>\n<p>Estas dos nuevas acreditaciones son, por un lado, para la calificaci\u00f3n de actividades de I+D y, por otro lado, para la validaci\u00f3n de \u201cno causar un perjuicio significativo al medioambiente\u201d (DNSH, por sus siglas en ingl\u00e9s). Ambas certificaciones son requisito indispensable en las convocatorias del Plan de Recuperaci\u00f3n, Transformaci\u00f3n y Resiliencia para demostrar que un proyecto es innovador y no perjudica al medioambiente.<\/p>\n<p>Las dos certificaciones se suman a la acreditaci\u00f3n de AENOR como agente digitalizador en la categor\u00eda de soluciones de Kit Digital gracias a su herramienta Certool. Una soluci\u00f3n digital dise\u00f1ada para facilitar a las organizaciones la gesti\u00f3n eficiente de procesos y sistemas basados en normas ISO.<\/p>\n<p>Adem\u00e1s, AENOR dispone de otras dos certificaciones espec\u00edficas relacionadas con la contribuci\u00f3n de los proyectos a la recuperaci\u00f3n. Concretamente para \u201cProyectos alineados con el eje de transformaci\u00f3n digital\u201d y \u201cProyectos alineados con el eje de transici\u00f3n ecol\u00f3gica\u201d. Estas acreditaciones permiten a la entidad certificar que el proyecto est\u00e1 alienado con los ejes transversales, las pol\u00edticas palanca y componentes definidos en el Plan de Recuperaci\u00f3n, Transformaci\u00f3n y Resiliencia (PRTR).<\/p>\n","protected":false},"excerpt":{"rendered":"<p>La Entidad Nacional de Acreditaci\u00f3n (ENAC) ha concedido dos nuevas acreditaciones a AENOR. Gracias a estas dos certificaciones AENOR refuerza sus soluciones con el objetivo de impulsar el acceso de las empresas a los fondos NextGenerationEU. Estas dos nuevas acreditaciones son, por un lado, para la calificaci\u00f3n de actividades de I+D y, por otro lado, [&hellip;]<\/p>\n","protected":false},"author":9,"featured_media":362,"comment_status":"closed","ping_status":"closed","sticky":false,"template":"","format":"standard","meta":{"jnews-multi-image_gallery":[],"jnews_single_post":{"source_name":"","source_url":"","via_name":"","via_url":"","override_template":"0","override":[{"template":"1","single_blog_custom":"","parallax":"1","fullscreen":"1","layout":"right-sidebar","sidebar":"default-sidebar","second_sidebar":"default-sidebar","sticky_sidebar":"1","share_position":"top","share_float_style":"share-monocrhome","show_share_counter":"1","show_view_counter":"1","show_featured":"1","show_post_meta":"1","show_post_author":"1","show_post_author_image":"1","show_post_date":"1","post_date_format":"default","post_date_format_custom":"Y\/m\/d","show_post_category":"1","show_post_reading_time":"0","post_reading_time_wpm":"300","show_zoom_button":"0","zoom_button_out_step":"2","zoom_button_in_step":"3","show_post_tag":"1","show_prev_next_post":"1","show_popup_post":"1","number_popup_post":"1","show_author_box":"0","show_post_related":"0","show_inline_post_related":"0"}],"override_image_size":"0","image_override":[{"single_post_thumbnail_size":"crop-500","single_post_gallery_size":"crop-500"}],"trending_post":"0","trending_post_position":"meta","trending_post_label":"Trending","sponsored_post":"0","sponsored_post_label":"Sponsored by","sponsored_post_name":"","sponsored_post_url":"","sponsored_post_logo_enable":"0","sponsored_post_logo":"","sponsored_post_desc":"","disable_ad":"0"},"jnews_primary_category":{"id":""},"jnews_social_meta":{"fb_title":"","fb_description":"","fb_image":"","twitter_title":"","twitter_description":"","twitter_image":""},"jnews_override_counter":{"override_view_counter":"0","view_counter_number":"0","override_share_counter":"0","share_counter_number":"0","override_like_counter":"0","like_counter_number":"0","override_dislike_counter":"0","dislike_counter_number":"0"},"footnotes":""},"categories":[2],"tags":[34,14,12,19],"class_list":["post-361","post","type-post","status-publish","format-standard","has-post-thumbnail","hentry","category-articulos","tag-aenor","tag-fondos-nextgenerationeu","tag-kit-digital","tag-revista-pymes"],"_links":{"self":[{"href":"https:\/\/revistapymes.es\/fondos-next-generation\/wp-json\/wp\/v2\/posts\/361","targetHints":{"allow":["GET"]}}],"collection":[{"href":"https:\/\/revistapymes.es\/fondos-next-generation\/wp-json\/wp\/v2\/posts"}],"about":[{"href":"https:\/\/revistapymes.es\/fondos-next-generation\/wp-json\/wp\/v2\/types\/post"}],"author":[{"embeddable":true,"href":"https:\/\/revistapymes.es\/fondos-next-generation\/wp-json\/wp\/v2\/users\/9"}],"replies":[{"embeddable":true,"href":"https:\/\/revistapymes.es\/fondos-next-generation\/wp-json\/wp\/v2\/comments?post=361"}],"version-history":[{"count":1,"href":"https:\/\/revistapymes.es\/fondos-next-generation\/wp-json\/wp\/v2\/posts\/361\/revisions"}],"predecessor-version":[{"id":363,"href":"https:\/\/revistapymes.es\/fondos-next-generation\/wp-json\/wp\/v2\/posts\/361\/revisions\/363"}],"wp:featuredmedia":[{"embeddable":true,"href":"https:\/\/revistapymes.es\/fondos-next-generation\/wp-json\/wp\/v2\/media\/362"}],"wp:attachment":[{"href":"https:\/\/revistapymes.es\/fondos-next-generation\/wp-json\/wp\/v2\/media?parent=361"}],"wp:term":[{"taxonomy":"category","embeddable":true,"href":"https:\/\/revistapymes.es\/fondos-next-generation\/wp-json\/wp\/v2\/categories?post=361"},{"taxonomy":"post_tag","embeddable":true,"href":"https:\/\/revistapymes.es\/fondos-next-generation\/wp-json\/wp\/v2\/tags?post=361"}],"curies":[{"name":"wp","href":"https:\/\/api.w.org\/{rel}","templated":true}]}}