{"id":374,"date":"2022-07-29T14:00:29","date_gmt":"2022-07-29T14:00:29","guid":{"rendered":"https:\/\/revistapymes.es\/fondos-next-generation\/?p=374"},"modified":"2022-08-01T11:21:33","modified_gmt":"2022-08-01T11:21:33","slug":"red-es-decide-incluir-el-hardware-para-las-proximas-convocatorias-del-kit-digital","status":"publish","type":"post","link":"https:\/\/revistapymes.es\/fondos-next-generation\/2022\/07\/29\/red-es-decide-incluir-el-hardware-para-las-proximas-convocatorias-del-kit-digital\/","title":{"rendered":"Red.es decide incluir el hardware para las pr\u00f3ximas convocatorias del Kit Digital"},"content":{"rendered":"<p><strong><a href=\"https:\/\/www.boe.es\/boe\/dias\/2022\/07\/29\/pdfs\/BOE-A-2022-12734.pdf\">Red.es ha modificado las bases que regulan la concesi\u00f3n de ayudas del programa Kit Digital<\/a><\/strong>. La actualizaci\u00f3n de la Orden ETD\/1498\/2021 incluye, entre otras modificaciones, dos nuevas categor\u00edas de soluci\u00f3n de digitalizaci\u00f3n, ampliaci\u00f3n de las entidades beneficiarias de ayudas y adaptaci\u00f3n de los plazos de ejecuci\u00f3n, justificaci\u00f3n y pago para facilitar la implementaci\u00f3n de las soluciones.<\/p>\n<p>Adem\u00e1s, las plataformas Cl@ve PIN y Cl@ve permanente ser\u00e1n, a partir de ahora, medios de firma electr\u00f3nica v\u00e1lidos para la formalizaci\u00f3n de los acuerdos y su justificaci\u00f3n. Las organizaciones tambi\u00e9n podr\u00e1n formalizar sus acuerdos de digitalizaci\u00f3n a trav\u00e9s de sus gestores administrativos.<\/p>\n<p>Igualmente, la entidad adscrita al Ministerio de Asuntos Econ\u00f3micos y Transformaci\u00f3n Digital a trav\u00e9s de la Secretaria de Estado de Digitalizaci\u00f3n e Inteligencia Artificial ha comunicado que la segunda convocatoria del Kit Digital, dirigida a empresas de entre tres y nueve trabajadores, se retrasa a septiembre. Ser\u00e1 a partir del 2 de septiembre cuando estas organizaciones podr\u00e1n comenzar a tramitar sus solicitudes.<\/p>\n<p>En cuanto a la primera convocatoria de ayudas, destinada a empresas de entre 10 y 49 empleados, seguir\u00e1 abierta hasta el 15 de septiembre. Desde que el 15 de marzo se abriera esta primera convocatoria m\u00e1s del 50 % de las empresas que entran en ella ya han solicitado el bono digital y Red.es ha concedido m\u00e1s de 20.700 bonos. El n\u00famero de agentes digitalizadores registrados en Acelera Pyme ya supera los 8.700.<\/p>\n<h2><strong>Nuevas categor\u00edas<\/strong><\/h2>\n<p>Presencia avanzada en Internet y marketplace son las dos nuevas categor\u00edas del programa Kit Digital. Con estas incorporaciones las empresas podr\u00e1n implementar soluciones tecnol\u00f3gicas de una de las 12 categor\u00edas del cat\u00e1logo: sitio web y presencia b\u00e1sica en Internet, comercio electr\u00f3nico, gesti\u00f3n de redes sociales, gesti\u00f3n de clientes, business intelligence y anal\u00edtica, gesti\u00f3n de procesos, factura electr\u00f3nica, servicios y herramienta de oficina virtual, comunicaciones seguras, ciberseguridad, presencia avanzada en Internet y marketplace.<\/p>\n<p>Red.es ha incluido algunas modificaciones en las categor\u00edas de sitio web y presencia b\u00e1sica en Internet, factura electr\u00f3nica y la gesti\u00f3n de procesos donde se permite la incorporaci\u00f3n de m\u00f3dulos individuales. En cuanto al ep\u00edgrafe I (sitio web y presencia b\u00e1sica en Internet) a partir de ahora ser\u00e1 necesario que se incluya el alta del dominio para el beneficiario durante un plazo m\u00ednimo de 12 meses, siendo el beneficiario el titular de dicho dominio y siempre que no disponga de uno previamente al desarrollo de la soluci\u00f3n. En esta categor\u00eda aparece tambi\u00e9n la funci\u00f3n multiling\u00fce.<\/p>\n<h2><strong>Otras mejoras<\/strong><\/h2>\n<p>A trav\u00e9s de estas modificaciones se aclara que los bonos podr\u00e1n financiar la sustituci\u00f3n de soluciones de digitalizaci\u00f3n ya existentes siempre que implique una mejora funcional. Se entiende como mejora funcional la implementaci\u00f3n de una herramienta totalmente nueva y que cumpla con los requisitos estipulados para la categor\u00eda a la que pertenezca y, siempre y cuando, la soluci\u00f3n ya existente no cumple alguno de los requisitos m\u00ednimos exigidos en la categor\u00eda a la que corresponde.<\/p>\n<p>Por el contrario, no se considera mejora funcional las soluciones que supongan un desarrollo, progreso, aumento o enriquecimiento de los servicios y funcionalidades de la soluci\u00f3n ya existente. Igualmente, las actualizaciones de versiones de software, upgrades o mejoras de versiones no se considerar\u00e1n mejoras funcionales.<\/p>\n<p>Adem\u00e1s, la <strong><a href=\"https:\/\/www.boe.es\/boe\/dias\/2022\/07\/29\/pdfs\/BOE-A-2022-12734.pdf\">nueva orden de bases<\/a><\/strong> incluye la posibilidad de subvencionar el hardware \u00fanicamente cuando sea imprescindible para la prestaci\u00f3n de la soluci\u00f3n contratada. Esta modificaci\u00f3n hace referencia a los dispositivos que se incluyan en la modalidad de pago por uso y como parte de la soluci\u00f3n elegida. Unos dispositivos que no podr\u00e1n ser utilizados para otros fines diferentes a la prestaci\u00f3n de la herramienta.<\/p>\n<h2><strong>Modificaciones en los plazos y entidades beneficiarias<\/strong><\/h2>\n<p>Para facilitar la instalaci\u00f3n y\/o desarrollo de la soluci\u00f3n, as\u00ed como posterior emisi\u00f3n de la factura, Red.es ha decidido ampliar el plazo de tres a seis meses desde la fecha de validaci\u00f3n del Acuerdo de Prestaci\u00f3n de Soluciones de Digitalizaci\u00f3n. Adem\u00e1s, esta nueva orden recoge un plazo m\u00e1ximo de tres meses, desde la presentaci\u00f3n de la justificaci\u00f3n y su validaci\u00f3n, para que el agente digitalizador reciba el pago correspondiente de la ayuda.<\/p>\n<p>En cuanto a las entidades beneficiarias, la entidad adscrita al Ministerio de Asuntos Econ\u00f3micos y Transformaci\u00f3n Digital ha incluido a las sociedades civiles con objetivo mercantil, las sociedades civiles profesionales y las explotaciones agrarias de titularidad compartida que ejerzan una actividad econ\u00f3mica. Estos tres nuevos colectivos deber\u00e1n ejercer su actividad econ\u00f3mica dentro del territorio espa\u00f1ol.<\/p>\n","protected":false},"excerpt":{"rendered":"<p>Red.es ha modificado las bases que regulan la concesi\u00f3n de ayudas del programa Kit Digital. La actualizaci\u00f3n de la Orden ETD\/1498\/2021 incluye, entre otras modificaciones, dos nuevas categor\u00edas de soluci\u00f3n de digitalizaci\u00f3n, ampliaci\u00f3n de las entidades beneficiarias de ayudas y adaptaci\u00f3n de los plazos de ejecuci\u00f3n, justificaci\u00f3n y pago para facilitar la implementaci\u00f3n de las [&hellip;]<\/p>\n","protected":false},"author":9,"featured_media":375,"comment_status":"closed","ping_status":"closed","sticky":false,"template":"","format":"standard","meta":{"jnews-multi-image_gallery":[],"jnews_single_post":{"source_name":"","source_url":"","via_name":"","via_url":"","override_template":"0","override":[{"template":"1","single_blog_custom":"","parallax":"1","fullscreen":"1","layout":"right-sidebar","sidebar":"default-sidebar","second_sidebar":"default-sidebar","sticky_sidebar":"1","share_position":"top","share_float_style":"share-monocrhome","show_share_counter":"1","show_view_counter":"1","show_featured":"1","show_post_meta":"1","show_post_author":"1","show_post_author_image":"1","show_post_date":"1","post_date_format":"default","post_date_format_custom":"Y\/m\/d","show_post_category":"1","show_post_reading_time":"0","post_reading_time_wpm":"300","show_zoom_button":"0","zoom_button_out_step":"2","zoom_button_in_step":"3","show_post_tag":"1","show_prev_next_post":"1","show_popup_post":"1","number_popup_post":"1","show_author_box":"0","show_post_related":"0","show_inline_post_related":"0"}],"override_image_size":"0","image_override":[{"single_post_thumbnail_size":"crop-500","single_post_gallery_size":"crop-500"}],"trending_post":"0","trending_post_position":"meta","trending_post_label":"Trending","sponsored_post":"0","sponsored_post_label":"Sponsored by","sponsored_post_name":"","sponsored_post_url":"","sponsored_post_logo_enable":"0","sponsored_post_logo":"","sponsored_post_desc":"","disable_ad":"0"},"jnews_primary_category":{"id":""},"jnews_social_meta":{"fb_title":"","fb_description":"","fb_image":"","twitter_title":"","twitter_description":"","twitter_image":""},"jnews_override_counter":{"override_view_counter":"0","view_counter_number":"0","override_share_counter":"0","share_counter_number":"0","override_like_counter":"0","like_counter_number":"0","override_dislike_counter":"0","dislike_counter_number":"0"},"footnotes":""},"categories":[2],"tags":[14,37,12,38,19],"class_list":["post-374","post","type-post","status-publish","format-standard","has-post-thumbnail","hentry","category-articulos","tag-fondos-nextgenerationeu","tag-hardware","tag-kit-digital","tag-red-es","tag-revista-pymes"],"_links":{"self":[{"href":"https:\/\/revistapymes.es\/fondos-next-generation\/wp-json\/wp\/v2\/posts\/374","targetHints":{"allow":["GET"]}}],"collection":[{"href":"https:\/\/revistapymes.es\/fondos-next-generation\/wp-json\/wp\/v2\/posts"}],"about":[{"href":"https:\/\/revistapymes.es\/fondos-next-generation\/wp-json\/wp\/v2\/types\/post"}],"author":[{"embeddable":true,"href":"https:\/\/revistapymes.es\/fondos-next-generation\/wp-json\/wp\/v2\/users\/9"}],"replies":[{"embeddable":true,"href":"https:\/\/revistapymes.es\/fondos-next-generation\/wp-json\/wp\/v2\/comments?post=374"}],"version-history":[{"count":2,"href":"https:\/\/revistapymes.es\/fondos-next-generation\/wp-json\/wp\/v2\/posts\/374\/revisions"}],"predecessor-version":[{"id":380,"href":"https:\/\/revistapymes.es\/fondos-next-generation\/wp-json\/wp\/v2\/posts\/374\/revisions\/380"}],"wp:featuredmedia":[{"embeddable":true,"href":"https:\/\/revistapymes.es\/fondos-next-generation\/wp-json\/wp\/v2\/media\/375"}],"wp:attachment":[{"href":"https:\/\/revistapymes.es\/fondos-next-generation\/wp-json\/wp\/v2\/media?parent=374"}],"wp:term":[{"taxonomy":"category","embeddable":true,"href":"https:\/\/revistapymes.es\/fondos-next-generation\/wp-json\/wp\/v2\/categories?post=374"},{"taxonomy":"post_tag","embeddable":true,"href":"https:\/\/revistapymes.es\/fondos-next-generation\/wp-json\/wp\/v2\/tags?post=374"}],"curies":[{"name":"wp","href":"https:\/\/api.w.org\/{rel}","templated":true}]}}