{"id":381,"date":"2022-09-02T12:00:30","date_gmt":"2022-09-02T12:00:30","guid":{"rendered":"https:\/\/revistapymes.es\/fondos-next-generation\/?p=381"},"modified":"2022-08-01T11:43:08","modified_gmt":"2022-08-01T11:43:08","slug":"arranca-la-segunda-convocatoria-del-programa-kit-digital","status":"publish","type":"post","link":"https:\/\/revistapymes.es\/fondos-next-generation\/2022\/09\/02\/arranca-la-segunda-convocatoria-del-programa-kit-digital\/","title":{"rendered":"Arranca la segunda convocatoria del programa Kit Digital"},"content":{"rendered":"<p>La segunda convocatoria del programa de ayudas Kit Digital, dirigida a empresas de entre tres y nueve trabajadores, ya es una realidad. Desde el 2 de septiembre estas organizaciones pueden comenzar con los tr\u00e1mites para acceder a los bonos digitales. Esta nueva convocatoria llega cargada de <strong><a href=\"https:\/\/revistapymes.es\/fondos-next-generation\/2022\/07\/29\/red-es-decide-incluir-el-hardware-para-las-proximas-convocatorias-del-kit-digital\/\">novedades que Red.es<\/a><\/strong> anunci\u00f3 a finales del mes de julio.<\/p>\n<p>La entidad ha modificado las bases que regulan la concesi\u00f3n de estas ayudas y entre las actualizaciones destacan la incorporaci\u00f3n de dos nuevas categor\u00edas de soluci\u00f3n de digitalizaci\u00f3n, ampliaci\u00f3n de las entidades beneficiarias de ayudas y adaptaci\u00f3n de los plazos de ejecuci\u00f3n, justificaci\u00f3n y pago para facilitar la implementaci\u00f3n de las soluciones.<\/p>\n<p>Adem\u00e1s, las plataformas Cl@ve PIN y Cl@ve permanente ser\u00e1n, a partir de ahora, medios de firma electr\u00f3nica v\u00e1lidos para la formalizaci\u00f3n de los acuerdos y su justificaci\u00f3n. Las organizaciones tambi\u00e9n podr\u00e1n formalizar sus acuerdos de digitalizaci\u00f3n a trav\u00e9s de sus gestores administrativos.<\/p>\n<h2><strong>Modificaciones incorporadas<\/strong><\/h2>\n<p>A partir de ahora el programa Kit Digital contar\u00e1 con 12 categor\u00edas en lugar de 10. Presencia avanzada en Internet y marketplace son las nuevas incorporaciones. Asimismo, Red.es ha realizado algunas modificaciones en las categor\u00edas de sitio web y presencia b\u00e1sica en Internet, factura electr\u00f3nica y la gesti\u00f3n de procesos.<\/p>\n<p>Igualmente, a trav\u00e9s de las <strong><a href=\"https:\/\/www.boe.es\/boe\/dias\/2022\/07\/29\/pdfs\/BOE-A-2022-12734.pdf\">modificaciones incorporadas<\/a><\/strong> se aclara que los bonos podr\u00e1n financiar la sustituci\u00f3n de soluciones de digitalizaci\u00f3n ya existentes siempre que implique una mejora funcional. La nueva orden de bases tambi\u00e9n incluye la posibilidad de subvencionar el hardware \u00fanicamente cuando sea imprescindible para la prestaci\u00f3n de la soluci\u00f3n contratada. Esta modificaci\u00f3n hace referencia a los dispositivos que se incluyan en la modalidad de pago por uso y como parte de la soluci\u00f3n elegida. Unos dispositivos que no podr\u00e1n ser utilizados para otros fines diferentes a la prestaci\u00f3n de la herramienta.<\/p>\n<p>Red.es, adem\u00e1s, ha decidido ampliar el plazo de tres a seis meses, desde la fecha de validaci\u00f3n del Acuerdo de Prestaci\u00f3n de Soluciones de Digitalizaci\u00f3n, para la instalaci\u00f3n y\/o desarrollo de la soluci\u00f3n, as\u00ed como posterior emisi\u00f3n de la factura. Asimismo, la nueva orden recoge un plazo m\u00e1ximo de tres meses, desde la presentaci\u00f3n de la justificaci\u00f3n y su validaci\u00f3n, para que el agente digitalizador reciba el pago correspondiente de la ayuda.<\/p>\n<p>En cuanto a las entidades beneficiarias, la entidad adscrita al Ministerio de Asuntos Econ\u00f3micos y Transformaci\u00f3n Digital ha incluido a las sociedades civiles con objetivo mercantil, las sociedades civiles profesionales y las explotaciones agrarias de titularidad compartida que ejerzan una actividad econ\u00f3mica. Estos tres nuevos colectivos deber\u00e1n ejercer su actividad econ\u00f3mica dentro del territorio espa\u00f1ol.<\/p>\n","protected":false},"excerpt":{"rendered":"<p>La segunda convocatoria del programa de ayudas Kit Digital, dirigida a empresas de entre tres y nueve trabajadores, ya es una realidad. Desde el 2 de septiembre estas organizaciones pueden comenzar con los tr\u00e1mites para acceder a los bonos digitales. Esta nueva convocatoria llega cargada de novedades que Red.es anunci\u00f3 a finales del mes de [&hellip;]<\/p>\n","protected":false},"author":9,"featured_media":382,"comment_status":"closed","ping_status":"closed","sticky":false,"template":"","format":"standard","meta":{"jnews-multi-image_gallery":[],"jnews_single_post":{"source_name":"","source_url":"","via_name":"","via_url":"","override_template":"0","override":[{"template":"1","single_blog_custom":"","parallax":"1","fullscreen":"1","layout":"right-sidebar","sidebar":"default-sidebar","second_sidebar":"default-sidebar","sticky_sidebar":"1","share_position":"top","share_float_style":"share-monocrhome","show_share_counter":"1","show_view_counter":"1","show_featured":"1","show_post_meta":"1","show_post_author":"1","show_post_author_image":"1","show_post_date":"1","post_date_format":"default","post_date_format_custom":"Y\/m\/d","show_post_category":"1","show_post_reading_time":"0","post_reading_time_wpm":"300","show_zoom_button":"0","zoom_button_out_step":"2","zoom_button_in_step":"3","show_post_tag":"1","show_prev_next_post":"1","show_popup_post":"1","number_popup_post":"1","show_author_box":"0","show_post_related":"0","show_inline_post_related":"0"}],"override_image_size":"0","image_override":[{"single_post_thumbnail_size":"crop-500","single_post_gallery_size":"crop-500"}],"trending_post":"0","trending_post_position":"meta","trending_post_label":"Trending","sponsored_post":"0","sponsored_post_label":"Sponsored by","sponsored_post_name":"","sponsored_post_url":"","sponsored_post_logo_enable":"0","sponsored_post_logo":"","sponsored_post_desc":"","disable_ad":"0"},"jnews_primary_category":{"id":""},"jnews_social_meta":{"fb_title":"","fb_description":"","fb_image":"","twitter_title":"","twitter_description":"","twitter_image":""},"jnews_override_counter":{"override_view_counter":"0","view_counter_number":"0","override_share_counter":"0","share_counter_number":"0","override_like_counter":"0","like_counter_number":"0","override_dislike_counter":"0","dislike_counter_number":"0"},"footnotes":""},"categories":[2],"tags":[14,12,38,19],"class_list":["post-381","post","type-post","status-publish","format-standard","has-post-thumbnail","hentry","category-articulos","tag-fondos-nextgenerationeu","tag-kit-digital","tag-red-es","tag-revista-pymes"],"_links":{"self":[{"href":"https:\/\/revistapymes.es\/fondos-next-generation\/wp-json\/wp\/v2\/posts\/381","targetHints":{"allow":["GET"]}}],"collection":[{"href":"https:\/\/revistapymes.es\/fondos-next-generation\/wp-json\/wp\/v2\/posts"}],"about":[{"href":"https:\/\/revistapymes.es\/fondos-next-generation\/wp-json\/wp\/v2\/types\/post"}],"author":[{"embeddable":true,"href":"https:\/\/revistapymes.es\/fondos-next-generation\/wp-json\/wp\/v2\/users\/9"}],"replies":[{"embeddable":true,"href":"https:\/\/revistapymes.es\/fondos-next-generation\/wp-json\/wp\/v2\/comments?post=381"}],"version-history":[{"count":1,"href":"https:\/\/revistapymes.es\/fondos-next-generation\/wp-json\/wp\/v2\/posts\/381\/revisions"}],"predecessor-version":[{"id":383,"href":"https:\/\/revistapymes.es\/fondos-next-generation\/wp-json\/wp\/v2\/posts\/381\/revisions\/383"}],"wp:featuredmedia":[{"embeddable":true,"href":"https:\/\/revistapymes.es\/fondos-next-generation\/wp-json\/wp\/v2\/media\/382"}],"wp:attachment":[{"href":"https:\/\/revistapymes.es\/fondos-next-generation\/wp-json\/wp\/v2\/media?parent=381"}],"wp:term":[{"taxonomy":"category","embeddable":true,"href":"https:\/\/revistapymes.es\/fondos-next-generation\/wp-json\/wp\/v2\/categories?post=381"},{"taxonomy":"post_tag","embeddable":true,"href":"https:\/\/revistapymes.es\/fondos-next-generation\/wp-json\/wp\/v2\/tags?post=381"}],"curies":[{"name":"wp","href":"https:\/\/api.w.org\/{rel}","templated":true}]}}