{"id":395,"date":"2022-09-08T09:21:09","date_gmt":"2022-09-08T09:21:09","guid":{"rendered":"https:\/\/revistapymes.es\/fondos-next-generation\/?p=395"},"modified":"2022-09-20T14:33:28","modified_gmt":"2022-09-20T14:33:28","slug":"el-kit-digital-obtiene-el-premio-al-impulso-de-las-tic-en-la-empresa-espanola-2022-de-ametic","status":"publish","type":"post","link":"https:\/\/revistapymes.es\/fondos-next-generation\/2022\/09\/08\/el-kit-digital-obtiene-el-premio-al-impulso-de-las-tic-en-la-empresa-espanola-2022-de-ametic\/","title":{"rendered":"El Kit Digital obtiene el Premio al Impulso de las TIC en la Empresa Espa\u00f1ola 2022 de AMETIC"},"content":{"rendered":"<p>AMETIC ha decidido conceder al programa Kit Digital de <strong><a href=\"https:\/\/red.es\/es\">Red.es<\/a><\/strong> el Premio al Impulso de las TIC en la Empresa Espa\u00f1ola 2022. A trav\u00e9s de este galard\u00f3n la patronal de la industria digital reconoce el impulso a la transformaci\u00f3n digital de las pymes espa\u00f1olas, as\u00ed como el uso de la tecnolog\u00eda para facilitar su solicitud y gesti\u00f3n, que representa este programa de ayudas.<\/p>\n<p>El premio, entregado en el marco del 36\u00ba Encuentro de la Econom\u00eda Digital y las Telecomunicaciones de AMETIC, fue recogido por Alberto Mart\u00ednez Lacambra, director general de Red.es. \u201cEs un verdadero orgullo para m\u00ed recoger este premio en nombre del equipo de Red.es\u201d, asegur\u00f3. Lacambra asegur\u00f3 que \u201cel programa Kit Digital naci\u00f3 con el objetivo de aportar su grano de arena en la transformaci\u00f3n digital de nuestras pymes\u201d.<\/p>\n<p>Adem\u00e1s, el directivo destac\u00f3 el papel fundamental que juega en el Kit Digital la colaboraci\u00f3n p\u00fablico-privada. \u201cSon muchos los actores que han ayudado a hacer realidad una iniciativa como esta. Este premio es tan nuestro como suyo\u201d, concluy\u00f3.<\/p>\n<p>Por su parte, Pedro Mier, presidente de AMETIC, explic\u00f3 que para la concesi\u00f3n del galard\u00f3n \u201cse ha tenido en cuenta el impulso decidido de la entidad, el alcance y originalidad del enfoque, as\u00ed como el \u00e9xito en el despliegue del proyecto de digitalizaci\u00f3n masiva de las pymes espa\u00f1olas\u201d.<\/p>\n","protected":false},"excerpt":{"rendered":"<p>AMETIC ha decidido conceder al programa Kit Digital de Red.es el Premio al Impulso de las TIC en la Empresa Espa\u00f1ola 2022. A trav\u00e9s de este galard\u00f3n la patronal de la industria digital reconoce el impulso a la transformaci\u00f3n digital de las pymes espa\u00f1olas, as\u00ed como el uso de la tecnolog\u00eda para facilitar su solicitud [&hellip;]<\/p>\n","protected":false},"author":9,"featured_media":396,"comment_status":"closed","ping_status":"closed","sticky":false,"template":"","format":"standard","meta":{"jnews-multi-image_gallery":[],"jnews_single_post":{"source_name":"","source_url":"","via_name":"","via_url":"","override_template":"0","override":[{"template":"1","single_blog_custom":"","parallax":"1","fullscreen":"1","layout":"right-sidebar","sidebar":"default-sidebar","second_sidebar":"default-sidebar","sticky_sidebar":"1","share_position":"top","share_float_style":"share-monocrhome","show_share_counter":"1","show_view_counter":"1","show_featured":"1","show_post_meta":"1","show_post_author":"1","show_post_author_image":"1","show_post_date":"1","post_date_format":"default","post_date_format_custom":"Y\/m\/d","show_post_category":"1","show_post_reading_time":"0","post_reading_time_wpm":"300","show_zoom_button":"0","zoom_button_out_step":"2","zoom_button_in_step":"3","show_post_tag":"1","show_prev_next_post":"1","show_popup_post":"1","number_popup_post":"1","show_author_box":"0","show_post_related":"0","show_inline_post_related":"0"}],"override_image_size":"0","image_override":[{"single_post_thumbnail_size":"crop-500","single_post_gallery_size":"crop-500"}],"trending_post":"0","trending_post_position":"meta","trending_post_label":"Trending","sponsored_post":"0","sponsored_post_label":"Sponsored by","sponsored_post_name":"","sponsored_post_url":"","sponsored_post_logo_enable":"0","sponsored_post_logo":"","sponsored_post_desc":"","disable_ad":"0"},"jnews_primary_category":{"id":""},"jnews_social_meta":{"fb_title":"","fb_description":"","fb_image":"","twitter_title":"","twitter_description":"","twitter_image":""},"jnews_override_counter":{"override_view_counter":"0","view_counter_number":"0","override_share_counter":"0","share_counter_number":"0","override_like_counter":"0","like_counter_number":"0","override_dislike_counter":"0","dislike_counter_number":"0"},"footnotes":""},"categories":[2],"tags":[41,14,12,38,19],"class_list":["post-395","post","type-post","status-publish","format-standard","has-post-thumbnail","hentry","category-articulos","tag-ametic","tag-fondos-nextgenerationeu","tag-kit-digital","tag-red-es","tag-revista-pymes"],"_links":{"self":[{"href":"https:\/\/revistapymes.es\/fondos-next-generation\/wp-json\/wp\/v2\/posts\/395","targetHints":{"allow":["GET"]}}],"collection":[{"href":"https:\/\/revistapymes.es\/fondos-next-generation\/wp-json\/wp\/v2\/posts"}],"about":[{"href":"https:\/\/revistapymes.es\/fondos-next-generation\/wp-json\/wp\/v2\/types\/post"}],"author":[{"embeddable":true,"href":"https:\/\/revistapymes.es\/fondos-next-generation\/wp-json\/wp\/v2\/users\/9"}],"replies":[{"embeddable":true,"href":"https:\/\/revistapymes.es\/fondos-next-generation\/wp-json\/wp\/v2\/comments?post=395"}],"version-history":[{"count":2,"href":"https:\/\/revistapymes.es\/fondos-next-generation\/wp-json\/wp\/v2\/posts\/395\/revisions"}],"predecessor-version":[{"id":409,"href":"https:\/\/revistapymes.es\/fondos-next-generation\/wp-json\/wp\/v2\/posts\/395\/revisions\/409"}],"wp:featuredmedia":[{"embeddable":true,"href":"https:\/\/revistapymes.es\/fondos-next-generation\/wp-json\/wp\/v2\/media\/396"}],"wp:attachment":[{"href":"https:\/\/revistapymes.es\/fondos-next-generation\/wp-json\/wp\/v2\/media?parent=395"}],"wp:term":[{"taxonomy":"category","embeddable":true,"href":"https:\/\/revistapymes.es\/fondos-next-generation\/wp-json\/wp\/v2\/categories?post=395"},{"taxonomy":"post_tag","embeddable":true,"href":"https:\/\/revistapymes.es\/fondos-next-generation\/wp-json\/wp\/v2\/tags?post=395"}],"curies":[{"name":"wp","href":"https:\/\/api.w.org\/{rel}","templated":true}]}}