{"id":398,"date":"2022-09-14T09:30:18","date_gmt":"2022-09-14T09:30:18","guid":{"rendered":"https:\/\/revistapymes.es\/fondos-next-generation\/?p=398"},"modified":"2022-09-19T09:32:45","modified_gmt":"2022-09-19T09:32:45","slug":"la-camara-de-madrid-guia-a-las-pequenas-empresas-en-la-tramitacion-del-kit-digital-2","status":"publish","type":"post","link":"https:\/\/revistapymes.es\/fondos-next-generation\/2022\/09\/14\/la-camara-de-madrid-guia-a-las-pequenas-empresas-en-la-tramitacion-del-kit-digital-2\/","title":{"rendered":"La C\u00e1mara de Madrid gu\u00eda a las peque\u00f1as empresas en la tramitaci\u00f3n del Kit Digital"},"content":{"rendered":"<p>La segunda convocatoria del programa Kit Digital ech\u00f3 a andar hace unas semanas. En esta segunda ronda de ayudas, dirigida a empresas de entre tres y nueve empleados, las pymes contar\u00e1n con la ayuda y el asesoramiento de la C\u00e1mara Oficial de Comercio, Industria y Servicios de Madrid. La entidad ha comunicado que ayudar\u00e1 a estas empresas en la tramitaci\u00f3n de la solicitud del Kit Digital a trav\u00e9s de la oficina de Acelera Pyme.<\/p>\n<p>El presupuesto inicial para la segunda convocatoria de ayudas es de 500 millones de euros. Una cuant\u00eda que llegar\u00e1 a las pymes a trav\u00e9s de los conocidos bonos digitales, los cuales tendr\u00e1n un valor de 6.000 euros. Para facilitar su tramitaci\u00f3n a las peque\u00f1as empresas, la C\u00e1mara de Madrid se ofrece como asesor para guiar y acompa\u00f1ar a estas empresas en la tramitaci\u00f3n de la subvenci\u00f3n.<\/p>\n<p>Al igual que en la primera convocatoria, las pymes deben registrarse en el \u00e1rea privada de <strong><a href=\"http:\/\/www.acelerapyme.es\">Acelera Pyme<\/a><\/strong> y realizar el test de madurez digital. A continuaci\u00f3n, y conociendo su nivel de digitalizaci\u00f3n, deber\u00e1n consultar todas las soluciones disponibles y elegir las que m\u00e1s se adapten a sus necesidades. Una vez tengan hecha la selecci\u00f3n podr\u00e1n solicitar la ayuda a trav\u00e9s de la sede electr\u00f3nica de <strong><a href=\"https:\/\/sede.red.gob.es\/\">Red.es<\/a><\/strong>.<\/p>\n<p>Cuando la ayuda sea concedida las empresas deber\u00e1n elegir uno o varios agentes digitalizadores para llevar a cabo la implantaci\u00f3n de la soluci\u00f3n o soluciones tecnol\u00f3gicas seleccionadas. Actualmente el cat\u00e1logo de agentes digitalizadores supera las 8.700 empresas adheridas.<\/p>\n","protected":false},"excerpt":{"rendered":"<p>La segunda convocatoria del programa Kit Digital ech\u00f3 a andar hace unas semanas. En esta segunda ronda de ayudas, dirigida a empresas de entre tres y nueve empleados, las pymes contar\u00e1n con la ayuda y el asesoramiento de la C\u00e1mara Oficial de Comercio, Industria y Servicios de Madrid. La entidad ha comunicado que ayudar\u00e1 a [&hellip;]<\/p>\n","protected":false},"author":9,"featured_media":393,"comment_status":"closed","ping_status":"closed","sticky":false,"template":"","format":"standard","meta":{"jnews-multi-image_gallery":[],"jnews_single_post":{"source_name":"","source_url":"","via_name":"","via_url":"","override_template":"0","override":[{"template":"1","single_blog_custom":"","parallax":"1","fullscreen":"1","layout":"right-sidebar","sidebar":"default-sidebar","second_sidebar":"default-sidebar","sticky_sidebar":"1","share_position":"top","share_float_style":"share-monocrhome","show_share_counter":"1","show_view_counter":"1","show_featured":"1","show_post_meta":"1","show_post_author":"1","show_post_author_image":"1","show_post_date":"1","post_date_format":"default","post_date_format_custom":"Y\/m\/d","show_post_category":"1","show_post_reading_time":"0","post_reading_time_wpm":"300","show_zoom_button":"0","zoom_button_out_step":"2","zoom_button_in_step":"3","show_post_tag":"1","show_prev_next_post":"1","show_popup_post":"1","number_popup_post":"1","show_author_box":"0","show_post_related":"0","show_inline_post_related":"0"}],"override_image_size":"0","image_override":[{"single_post_thumbnail_size":"crop-500","single_post_gallery_size":"crop-500"}],"trending_post":"0","trending_post_position":"meta","trending_post_label":"Trending","sponsored_post":"0","sponsored_post_label":"Sponsored by","sponsored_post_name":"","sponsored_post_url":"","sponsored_post_logo_enable":"0","sponsored_post_logo":"","sponsored_post_desc":"","disable_ad":"0"},"jnews_primary_category":{"id":""},"jnews_social_meta":{"fb_title":"","fb_description":"","fb_image":"","twitter_title":"","twitter_description":"","twitter_image":""},"jnews_override_counter":{"override_view_counter":"0","view_counter_number":"0","override_share_counter":"0","share_counter_number":"0","override_like_counter":"0","like_counter_number":"0","override_dislike_counter":"0","dislike_counter_number":"0"},"footnotes":""},"categories":[2],"tags":[31,40,14,12,38,19],"class_list":["post-398","post","type-post","status-publish","format-standard","has-post-thumbnail","hentry","category-articulos","tag-acelera-pyme","tag-camara-de-madrid","tag-fondos-nextgenerationeu","tag-kit-digital","tag-red-es","tag-revista-pymes"],"_links":{"self":[{"href":"https:\/\/revistapymes.es\/fondos-next-generation\/wp-json\/wp\/v2\/posts\/398","targetHints":{"allow":["GET"]}}],"collection":[{"href":"https:\/\/revistapymes.es\/fondos-next-generation\/wp-json\/wp\/v2\/posts"}],"about":[{"href":"https:\/\/revistapymes.es\/fondos-next-generation\/wp-json\/wp\/v2\/types\/post"}],"author":[{"embeddable":true,"href":"https:\/\/revistapymes.es\/fondos-next-generation\/wp-json\/wp\/v2\/users\/9"}],"replies":[{"embeddable":true,"href":"https:\/\/revistapymes.es\/fondos-next-generation\/wp-json\/wp\/v2\/comments?post=398"}],"version-history":[{"count":1,"href":"https:\/\/revistapymes.es\/fondos-next-generation\/wp-json\/wp\/v2\/posts\/398\/revisions"}],"predecessor-version":[{"id":399,"href":"https:\/\/revistapymes.es\/fondos-next-generation\/wp-json\/wp\/v2\/posts\/398\/revisions\/399"}],"wp:featuredmedia":[{"embeddable":true,"href":"https:\/\/revistapymes.es\/fondos-next-generation\/wp-json\/wp\/v2\/media\/393"}],"wp:attachment":[{"href":"https:\/\/revistapymes.es\/fondos-next-generation\/wp-json\/wp\/v2\/media?parent=398"}],"wp:term":[{"taxonomy":"category","embeddable":true,"href":"https:\/\/revistapymes.es\/fondos-next-generation\/wp-json\/wp\/v2\/categories?post=398"},{"taxonomy":"post_tag","embeddable":true,"href":"https:\/\/revistapymes.es\/fondos-next-generation\/wp-json\/wp\/v2\/tags?post=398"}],"curies":[{"name":"wp","href":"https:\/\/api.w.org\/{rel}","templated":true}]}}