{"id":410,"date":"2022-09-28T12:00:11","date_gmt":"2022-09-28T12:00:11","guid":{"rendered":"https:\/\/revistapymes.es\/fondos-next-generation\/?p=410"},"modified":"2022-10-02T09:48:37","modified_gmt":"2022-10-02T09:48:37","slug":"cosmomedia-impulsa-la-digitalizacion-de-los-comercios-aliandose-con-fecosva","status":"publish","type":"post","link":"https:\/\/revistapymes.es\/fondos-next-generation\/2022\/09\/28\/cosmomedia-impulsa-la-digitalizacion-de-los-comercios-aliandose-con-fecosva\/","title":{"rendered":"Cosmomedia impulsa la digitalizaci\u00f3n de los comercios ali\u00e1ndose con FECOSVA"},"content":{"rendered":"<p><strong><a href=\"https:\/\/www.cosmomedia.es\/fecosva\">Cosmomedia se ha unido a la Federaci\u00f3n de Comercio y Servicios de Valladolid y Provincia (FECOSVA)<\/a><\/strong> para impulsar la digitalizaci\u00f3n de los comercios asociados. A trav\u00e9s de este acuerdo de colaboraci\u00f3n ambas organizaciones pretenden desarrollar iniciativas digitales e implantar las ayudas del programa Kit Digital.<\/p>\n<p>A partir de ahora todas las empresas que formen parten de las asociaciones que componen FECOSVA podr\u00e1n disfrutar, gracias a los fondos NextGenerationEU, de un servicio especializado en competencias digitales, asesoramiento individualizado, as\u00ed como de la gesti\u00f3n de ayudas de forma gratuita.<\/p>\n<p>El acuerdo significa el punto de partida de una serie de actuaciones y actividades dise\u00f1adas para el peque\u00f1o comercio con el objetivo de acelerar su transformaci\u00f3n digital. \u201cInternet ofrece al comercio de barrio menos fronteras y m\u00e1s canales de venta, sin olvidar la cercan\u00eda. Debemos apostar por los recursos digitales para ser m\u00e1s competitivos\u201d, ha comentado Jes\u00fas Herreras, presidente de FECOSVA.<\/p>\n<p>Por su parte, Jos\u00e9 Manuel Fuentes, CEO de Cosmomedia, ha resaltado la gran oportunidad que representa el programa Kit Digital \u201cpara acelerar el grado de digitalizaci\u00f3n del comercio local y provincial con servicios como la creaci\u00f3n web, ecommerce o la gesti\u00f3n profesional de las redes sociales, entre otros\u201d.<\/p>\n","protected":false},"excerpt":{"rendered":"<p>Cosmomedia se ha unido a la Federaci\u00f3n de Comercio y Servicios de Valladolid y Provincia (FECOSVA) para impulsar la digitalizaci\u00f3n de los comercios asociados. A trav\u00e9s de este acuerdo de colaboraci\u00f3n ambas organizaciones pretenden desarrollar iniciativas digitales e implantar las ayudas del programa Kit Digital. A partir de ahora todas las empresas que formen parten [&hellip;]<\/p>\n","protected":false},"author":9,"featured_media":411,"comment_status":"closed","ping_status":"closed","sticky":false,"template":"","format":"standard","meta":{"jnews-multi-image_gallery":[],"jnews_single_post":{"source_name":"","source_url":"","via_name":"","via_url":"","override_template":"0","override":[{"template":"1","single_blog_custom":"","parallax":"1","fullscreen":"1","layout":"right-sidebar","sidebar":"default-sidebar","second_sidebar":"default-sidebar","sticky_sidebar":"1","share_position":"top","share_float_style":"share-monocrhome","show_share_counter":"1","show_view_counter":"1","show_featured":"1","show_post_meta":"1","show_post_author":"1","show_post_author_image":"1","show_post_date":"1","post_date_format":"default","post_date_format_custom":"Y\/m\/d","show_post_category":"1","show_post_reading_time":"0","post_reading_time_wpm":"300","show_zoom_button":"0","zoom_button_out_step":"2","zoom_button_in_step":"3","show_post_tag":"1","show_prev_next_post":"1","show_popup_post":"1","number_popup_post":"1","show_author_box":"0","show_post_related":"0","show_inline_post_related":"0"}],"override_image_size":"0","image_override":[{"single_post_thumbnail_size":"crop-500","single_post_gallery_size":"crop-500"}],"trending_post":"0","trending_post_position":"meta","trending_post_label":"Trending","sponsored_post":"0","sponsored_post_label":"Sponsored by","sponsored_post_name":"","sponsored_post_url":"","sponsored_post_logo_enable":"0","sponsored_post_logo":"","sponsored_post_desc":"","disable_ad":"0"},"jnews_primary_category":{"id":""},"jnews_social_meta":{"fb_title":"","fb_description":"","fb_image":"","twitter_title":"","twitter_description":"","twitter_image":""},"jnews_override_counter":{"override_view_counter":"0","view_counter_number":"0","override_share_counter":"0","share_counter_number":"0","override_like_counter":"0","like_counter_number":"0","override_dislike_counter":"0","dislike_counter_number":"0"},"footnotes":""},"categories":[2],"tags":[30,43,14,12,19],"class_list":["post-410","post","type-post","status-publish","format-standard","has-post-thumbnail","hentry","category-articulos","tag-cosmomedia","tag-fecosva","tag-fondos-nextgenerationeu","tag-kit-digital","tag-revista-pymes"],"_links":{"self":[{"href":"https:\/\/revistapymes.es\/fondos-next-generation\/wp-json\/wp\/v2\/posts\/410","targetHints":{"allow":["GET"]}}],"collection":[{"href":"https:\/\/revistapymes.es\/fondos-next-generation\/wp-json\/wp\/v2\/posts"}],"about":[{"href":"https:\/\/revistapymes.es\/fondos-next-generation\/wp-json\/wp\/v2\/types\/post"}],"author":[{"embeddable":true,"href":"https:\/\/revistapymes.es\/fondos-next-generation\/wp-json\/wp\/v2\/users\/9"}],"replies":[{"embeddable":true,"href":"https:\/\/revistapymes.es\/fondos-next-generation\/wp-json\/wp\/v2\/comments?post=410"}],"version-history":[{"count":1,"href":"https:\/\/revistapymes.es\/fondos-next-generation\/wp-json\/wp\/v2\/posts\/410\/revisions"}],"predecessor-version":[{"id":412,"href":"https:\/\/revistapymes.es\/fondos-next-generation\/wp-json\/wp\/v2\/posts\/410\/revisions\/412"}],"wp:featuredmedia":[{"embeddable":true,"href":"https:\/\/revistapymes.es\/fondos-next-generation\/wp-json\/wp\/v2\/media\/411"}],"wp:attachment":[{"href":"https:\/\/revistapymes.es\/fondos-next-generation\/wp-json\/wp\/v2\/media?parent=410"}],"wp:term":[{"taxonomy":"category","embeddable":true,"href":"https:\/\/revistapymes.es\/fondos-next-generation\/wp-json\/wp\/v2\/categories?post=410"},{"taxonomy":"post_tag","embeddable":true,"href":"https:\/\/revistapymes.es\/fondos-next-generation\/wp-json\/wp\/v2\/tags?post=410"}],"curies":[{"name":"wp","href":"https:\/\/api.w.org\/{rel}","templated":true}]}}