{"id":439,"date":"2022-10-13T10:44:22","date_gmt":"2022-10-13T10:44:22","guid":{"rendered":"https:\/\/revistapymes.es\/fondos-next-generation\/?p=439"},"modified":"2022-10-13T10:44:22","modified_gmt":"2022-10-13T10:44:22","slug":"cuenta-atras-para-el-inicio-de-la-tercera-convocatoria-del-kit-digital","status":"publish","type":"post","link":"https:\/\/revistapymes.es\/fondos-next-generation\/2022\/10\/13\/cuenta-atras-para-el-inicio-de-la-tercera-convocatoria-del-kit-digital\/","title":{"rendered":"Cuenta atr\u00e1s para el inicio de la tercera convocatoria del Kit Digital"},"content":{"rendered":"<p>La tercera convocatoria del programa Kit Digital ya tiene fecha. A partir del 20 de octubre, y durante 12 meses, las empresas de entre cero y menos de tres empleados podr\u00e1n solicitar las ayudas para impulsar su digitalizaci\u00f3n. Los bonos digitales que se entregar\u00e1n a las organizaciones del segmento III tendr\u00e1n un valor de 2.000 euros para la adquisici\u00f3n de soluciones incluidas en los diferentes \u00e1reas del programa.<\/p>\n<p>Los interesados en solicitar estas ayudas deber\u00e1n<strong> <a href=\"https:\/\/www.acelerapyme.es\/\">registrarse en el \u00e1rea privada de Acelera Pyme<\/a><\/strong> y completar el test de autodiagn\u00f3stico digital. A continuaci\u00f3n, deber\u00e1n consultar el cat\u00e1logo de herramientas, para elegir una o varias, as\u00ed como el de agentes digitalizadores, que ya son m\u00e1s de 9.300. Una vez seleccionadas las soluciones podr\u00e1n solicitar la ayuda a trav\u00e9s de la sede electr\u00f3nica de <strong><a href=\"https:\/\/sede.red.gob.es\/\">Red.es<\/a><\/strong>.<\/p>\n<p>Las ayudas son, al igual que en las convocatorias anteriores, de concurrencia no competitiva. Adem\u00e1s, se otorgar\u00e1n de forma directa y por orden de llegada tras la revisi\u00f3n del cumplimiento de los requisitos exigidos en la convocatoria. Las empresas pueden consultar las <strong><a href=\"https:\/\/www.boe.es\/boe\/dias\/2022\/07\/29\/pdfs\/BOE-A-2022-12734.pdf\">bases reguladoras en el BOE<\/a><\/strong>.<\/p>\n<p>Para simplificar el acceso a las ayudas, la entidad adscrita al Ministerio de Asuntos Econ\u00f3micos y Transformaci\u00f3n Digital a trav\u00e9s de la Secretaria de Estado de Digitalizaci\u00f3n e Inteligencia Artificial ha decidido habilitar la figura del \u201crepresentante voluntario\u201d. Se trata de una persona f\u00edsica o jur\u00eddica que podr\u00e1 solicitar la ayuda por cuenta de la empresa. Para ello este tercero deber\u00e1 estar debidamente autorizado. Asimismo, Red.es ha dise\u00f1ado un sistema de tramitaci\u00f3n para aligerar el proceso de solicitud para las empresas y denominado \u201ccero papeles\u201d.<\/p>\n<h2><strong>Balance del programa<\/strong><\/h2>\n<p>77.000 solicitudes por parte de empresas de entre 10 y menos de 50 empleados ha recibido el programa Kit Digital hasta el momento. Adem\u00e1s, se han concedido cerca de 29.000 ayudas a este segmento de empresas, unas ayudas que equivale a alrededor de 344 millones de euros procedentes de los fondos NextGenerationEU.<\/p>\n<p>Estas organizaciones, destinatarias de la primera convocatoria, podr\u00e1n seguir solicitando las ayudas hasta el 15 de marzo de 2023 ya que el plazo se ha ampliado seis meses. En cuanto a la segunda convocatoria, dirigida a empresas de entre tres y menos de 10 trabajadores, comenz\u00f3 el pasado 2 de septiembre y ya se han recibido unas 50.000 solicitudes de las que se han concedido cerca de 5.000 ayudas.<\/p>\n","protected":false},"excerpt":{"rendered":"<p>La tercera convocatoria del programa Kit Digital ya tiene fecha. A partir del 20 de octubre, y durante 12 meses, las empresas de entre cero y menos de tres empleados podr\u00e1n solicitar las ayudas para impulsar su digitalizaci\u00f3n. Los bonos digitales que se entregar\u00e1n a las organizaciones del segmento III tendr\u00e1n un valor de 2.000 [&hellip;]<\/p>\n","protected":false},"author":9,"featured_media":444,"comment_status":"closed","ping_status":"closed","sticky":false,"template":"","format":"standard","meta":{"jnews-multi-image_gallery":[],"jnews_single_post":{"source_name":"","source_url":"","via_name":"","via_url":"","override_template":"0","override":[{"template":"1","single_blog_custom":"","parallax":"1","fullscreen":"1","layout":"right-sidebar","sidebar":"default-sidebar","second_sidebar":"default-sidebar","sticky_sidebar":"1","share_position":"top","share_float_style":"share-monocrhome","show_share_counter":"1","show_view_counter":"1","show_featured":"1","show_post_meta":"1","show_post_author":"1","show_post_author_image":"1","show_post_date":"1","post_date_format":"default","post_date_format_custom":"Y\/m\/d","show_post_category":"1","show_post_reading_time":"0","post_reading_time_wpm":"300","show_zoom_button":"0","zoom_button_out_step":"2","zoom_button_in_step":"3","show_post_tag":"1","show_prev_next_post":"1","show_popup_post":"1","number_popup_post":"1","show_author_box":"0","show_post_related":"0","show_inline_post_related":"0"}],"override_image_size":"0","image_override":[{"single_post_thumbnail_size":"crop-500","single_post_gallery_size":"crop-500"}],"trending_post":"0","trending_post_position":"meta","trending_post_label":"Trending","sponsored_post":"0","sponsored_post_label":"Sponsored by","sponsored_post_name":"","sponsored_post_url":"","sponsored_post_logo_enable":"0","sponsored_post_logo":"","sponsored_post_desc":"","disable_ad":"0"},"jnews_primary_category":{"id":""},"jnews_social_meta":{"fb_title":"","fb_description":"","fb_image":"","twitter_title":"","twitter_description":"","twitter_image":""},"jnews_override_counter":{"override_view_counter":"0","view_counter_number":"0","override_share_counter":"0","share_counter_number":"0","override_like_counter":"0","like_counter_number":"0","override_dislike_counter":"0","dislike_counter_number":"0"},"footnotes":""},"categories":[2],"tags":[14,12,19,48],"class_list":["post-439","post","type-post","status-publish","format-standard","has-post-thumbnail","hentry","category-articulos","tag-fondos-nextgenerationeu","tag-kit-digital","tag-revista-pymes","tag-tercera-convocatoria"],"_links":{"self":[{"href":"https:\/\/revistapymes.es\/fondos-next-generation\/wp-json\/wp\/v2\/posts\/439","targetHints":{"allow":["GET"]}}],"collection":[{"href":"https:\/\/revistapymes.es\/fondos-next-generation\/wp-json\/wp\/v2\/posts"}],"about":[{"href":"https:\/\/revistapymes.es\/fondos-next-generation\/wp-json\/wp\/v2\/types\/post"}],"author":[{"embeddable":true,"href":"https:\/\/revistapymes.es\/fondos-next-generation\/wp-json\/wp\/v2\/users\/9"}],"replies":[{"embeddable":true,"href":"https:\/\/revistapymes.es\/fondos-next-generation\/wp-json\/wp\/v2\/comments?post=439"}],"version-history":[{"count":1,"href":"https:\/\/revistapymes.es\/fondos-next-generation\/wp-json\/wp\/v2\/posts\/439\/revisions"}],"predecessor-version":[{"id":442,"href":"https:\/\/revistapymes.es\/fondos-next-generation\/wp-json\/wp\/v2\/posts\/439\/revisions\/442"}],"wp:featuredmedia":[{"embeddable":true,"href":"https:\/\/revistapymes.es\/fondos-next-generation\/wp-json\/wp\/v2\/media\/444"}],"wp:attachment":[{"href":"https:\/\/revistapymes.es\/fondos-next-generation\/wp-json\/wp\/v2\/media?parent=439"}],"wp:term":[{"taxonomy":"category","embeddable":true,"href":"https:\/\/revistapymes.es\/fondos-next-generation\/wp-json\/wp\/v2\/categories?post=439"},{"taxonomy":"post_tag","embeddable":true,"href":"https:\/\/revistapymes.es\/fondos-next-generation\/wp-json\/wp\/v2\/tags?post=439"}],"curies":[{"name":"wp","href":"https:\/\/api.w.org\/{rel}","templated":true}]}}