{"id":461,"date":"2022-10-31T10:00:09","date_gmt":"2022-10-31T10:00:09","guid":{"rendered":"https:\/\/revistapymes.es\/fondos-next-generation\/?p=461"},"modified":"2022-11-01T17:57:48","modified_gmt":"2022-11-01T17:57:48","slug":"los-fondos-nextgenerationeu-llegan-a-los-ayuntamientos-segun-aslan","status":"publish","type":"post","link":"https:\/\/revistapymes.es\/fondos-next-generation\/2022\/10\/31\/los-fondos-nextgenerationeu-llegan-a-los-ayuntamientos-segun-aslan\/","title":{"rendered":"Los fondos NextGenerationEU llegan a los ayuntamientos seg\u00fan @aslan"},"content":{"rendered":"<p>La colaboraci\u00f3n p\u00fablico-privada es uno de los factores que est\u00e1 favoreciendo la llegada de los fondos NextGenerationEU a los ayuntamientos. As\u00ed lo est\u00e1 constatando @aslan durante su Tour Tecnol\u00f3gico 2022. Tour que, por el momento, ha llevado a la asociaci\u00f3n nacional de la industria tecnol\u00f3gica a Barcelona y Bilbao.<\/p>\n<p>Las diferentes administraciones, desde que se anunciaron los fondos europeos, han trabajado, y lo siguen haciendo, para aprovechar estas ayudas y sacarle el m\u00e1ximo partido. Las \u00faltimas en abordar proyectos de digitalizaci\u00f3n est\u00e1n siendo las administraciones locales, las cuales est\u00e1n invirtiendo mucho tiempo y recursos en la presentaci\u00f3n de proyectos y en la ejecuci\u00f3n de los mismos.<\/p>\n<p>A trav\u00e9s de diferentes herramientas la asociaci\u00f3n @aslan est\u00e1 ayudando en este tarea con el objetivo de favorecer la colaboraci\u00f3n p\u00fablico-privada entre la industria TIC y las Administraciones P\u00fablicas. Un claro ejemplo es su <strong><a href=\"https:\/\/aslan.es\/v18\/programa-multisectorial\/\">Programa Multisectorial<\/a><\/strong>. Esta iniciativa, puesta en marcha este mismo a\u00f1o, abarcar\u00e1 el plazo de ejecuci\u00f3n de los fondos europeos y con ella se pretende alinear a los distintos actores para lograr impulsar la digitalizaci\u00f3n a trav\u00e9s de los fondos NextGenerationEU.<\/p>\n","protected":false},"excerpt":{"rendered":"<p>La colaboraci\u00f3n p\u00fablico-privada es uno de los factores que est\u00e1 favoreciendo la llegada de los fondos NextGenerationEU a los ayuntamientos. As\u00ed lo est\u00e1 constatando @aslan durante su Tour Tecnol\u00f3gico 2022. Tour que, por el momento, ha llevado a la asociaci\u00f3n nacional de la industria tecnol\u00f3gica a Barcelona y Bilbao. Las diferentes administraciones, desde que se [&hellip;]<\/p>\n","protected":false},"author":9,"featured_media":463,"comment_status":"closed","ping_status":"closed","sticky":false,"template":"","format":"standard","meta":{"jnews-multi-image_gallery":[],"jnews_single_post":{"source_name":"","source_url":"","via_name":"","via_url":"","override_template":"0","override":[{"template":"1","single_blog_custom":"","parallax":"1","fullscreen":"1","layout":"right-sidebar","sidebar":"default-sidebar","second_sidebar":"default-sidebar","sticky_sidebar":"1","share_position":"top","share_float_style":"share-monocrhome","show_share_counter":"1","show_view_counter":"1","show_featured":"1","show_post_meta":"1","show_post_author":"1","show_post_author_image":"1","show_post_date":"1","post_date_format":"default","post_date_format_custom":"Y\/m\/d","show_post_category":"1","show_post_reading_time":"0","post_reading_time_wpm":"300","show_zoom_button":"0","zoom_button_out_step":"2","zoom_button_in_step":"3","show_post_tag":"1","show_prev_next_post":"1","show_popup_post":"1","number_popup_post":"1","show_author_box":"0","show_post_related":"0","show_inline_post_related":"0"}],"override_image_size":"0","image_override":[{"single_post_thumbnail_size":"crop-500","single_post_gallery_size":"crop-500"}],"trending_post":"0","trending_post_position":"meta","trending_post_label":"Trending","sponsored_post":"0","sponsored_post_label":"Sponsored by","sponsored_post_name":"","sponsored_post_url":"","sponsored_post_logo_enable":"0","sponsored_post_logo":"","sponsored_post_desc":"","disable_ad":"0"},"jnews_primary_category":{"id":""},"jnews_social_meta":{"fb_title":"","fb_description":"","fb_image":"","twitter_title":"","twitter_description":"","twitter_image":""},"jnews_override_counter":{"override_view_counter":"0","view_counter_number":"0","override_share_counter":"0","share_counter_number":"0","override_like_counter":"0","like_counter_number":"0","override_dislike_counter":"0","dislike_counter_number":"0"},"footnotes":""},"categories":[2],"tags":[49,14,19],"class_list":["post-461","post","type-post","status-publish","format-standard","has-post-thumbnail","hentry","category-articulos","tag-asociacion-aslan","tag-fondos-nextgenerationeu","tag-revista-pymes"],"_links":{"self":[{"href":"https:\/\/revistapymes.es\/fondos-next-generation\/wp-json\/wp\/v2\/posts\/461","targetHints":{"allow":["GET"]}}],"collection":[{"href":"https:\/\/revistapymes.es\/fondos-next-generation\/wp-json\/wp\/v2\/posts"}],"about":[{"href":"https:\/\/revistapymes.es\/fondos-next-generation\/wp-json\/wp\/v2\/types\/post"}],"author":[{"embeddable":true,"href":"https:\/\/revistapymes.es\/fondos-next-generation\/wp-json\/wp\/v2\/users\/9"}],"replies":[{"embeddable":true,"href":"https:\/\/revistapymes.es\/fondos-next-generation\/wp-json\/wp\/v2\/comments?post=461"}],"version-history":[{"count":1,"href":"https:\/\/revistapymes.es\/fondos-next-generation\/wp-json\/wp\/v2\/posts\/461\/revisions"}],"predecessor-version":[{"id":462,"href":"https:\/\/revistapymes.es\/fondos-next-generation\/wp-json\/wp\/v2\/posts\/461\/revisions\/462"}],"wp:featuredmedia":[{"embeddable":true,"href":"https:\/\/revistapymes.es\/fondos-next-generation\/wp-json\/wp\/v2\/media\/463"}],"wp:attachment":[{"href":"https:\/\/revistapymes.es\/fondos-next-generation\/wp-json\/wp\/v2\/media?parent=461"}],"wp:term":[{"taxonomy":"category","embeddable":true,"href":"https:\/\/revistapymes.es\/fondos-next-generation\/wp-json\/wp\/v2\/categories?post=461"},{"taxonomy":"post_tag","embeddable":true,"href":"https:\/\/revistapymes.es\/fondos-next-generation\/wp-json\/wp\/v2\/tags?post=461"}],"curies":[{"name":"wp","href":"https:\/\/api.w.org\/{rel}","templated":true}]}}