{"id":464,"date":"2022-10-28T11:36:09","date_gmt":"2022-10-28T11:36:09","guid":{"rendered":"https:\/\/revistapymes.es\/fondos-next-generation\/?p=464"},"modified":"2022-10-28T11:36:09","modified_gmt":"2022-10-28T11:36:09","slug":"el-kit-digital-llega-a-mas-de-36-000-empresas-dejando-unos-400-millones-de-euros","status":"publish","type":"post","link":"https:\/\/revistapymes.es\/fondos-next-generation\/2022\/10\/28\/el-kit-digital-llega-a-mas-de-36-000-empresas-dejando-unos-400-millones-de-euros\/","title":{"rendered":"El Kit Digital llega a m\u00e1s de 36.000 empresas dejando unos 400 millones de euros"},"content":{"rendered":"<p>El 15 de marzo echaba a andar oficialmente el programa Kit Digital con la apertura de la primera convocatoria. En estos m\u00e1s de siete meses se han abierto las otras dos convocatorias y <strong><a href=\"https:\/\/red.es\/es\">Red.es<\/a><\/strong>, entidad adscrita al Ministerio de Asuntos Econ\u00f3micos y Transformaci\u00f3n Digital a trav\u00e9s de la Secretar\u00eda de Estado de Digitalizaci\u00f3n e Inteligencia Artificial, ha repartido cerca de 400 millones de euros a trav\u00e9s de los bonos digitales.<\/p>\n<p>Estos bonos digitales han ido a parar a unas 36.000 empresas, de las cuales 30.000 aproximadamente pertenecen al segmento I, pymes de entre 10 y 49 empleados, y unas 6.000 al segmento II, empresas de entre tres y nueve trabajadores. Red.es prev\u00e9 que en un plazo de dos semanas se haga p\u00fablica la primera resoluci\u00f3n de concesi\u00f3n de ayudas para la tercera convocatoria, la cual se abri\u00f3 el pasado 20 de octubre y va dirigida a empresas de entre cero y dos trabajadores.<\/p>\n<p>\u201cEspa\u00f1a es un pa\u00eds de peque\u00f1as empresas y aut\u00f3nomos\u201d, ha comentado Alberto Mart\u00ednez Lacambra, director general de la entidad. \u201cEl 51 % del empleo de este pa\u00eds lo generan las empresas de menos de 50 empleados por lo que es vital acompa\u00f1arlas en su proceso de transformaci\u00f3n digital\u201d, ha explicado.<\/p>\n<h2><strong>Proceso \u00e1gil y r\u00e1pido<\/strong><\/h2>\n<p>Agilizar al m\u00e1ximo el proceso era, junto con llegar al m\u00e1ximo de pymes posibles, los objetivos principales de Red.es. \u201cSomos conscientes de que las pymes no disponen de tiempo para leer el BOE a diario ni para tramitar procesos largos y costosos, por eso hacer una buena campa\u00f1a de difusi\u00f3n y conseguir que el proceso para acceder a las ayudas fuese r\u00e1pido y \u00e1gil eran nuestras prioridades\u201d, ha asegurado Mart\u00ednez Lacambra.<\/p>\n<p>Para conseguir estos objetivos la entidad, por un lado, habilit\u00f3 la figura del \u201crepresentante jur\u00eddico\u201d y, por otro lado, bajo el lema \u201ccero papeles\u201d Red.es dise\u00f1\u00f3 un sistema de tramitaci\u00f3n innovador que, a trav\u00e9s del uso de herramientas de robotizaci\u00f3n e inteligencia artificial, automatiza el proceso reduciendo la carga burocr\u00e1tico, disminuyendo el n\u00famero de documentos a presentar y acortando los plazos de concesi\u00f3n.<\/p>\n<p>Un sistema que ha ido mejorando en estos siete meses hasta conseguir dotar de mayor agilidad y productividad al proceso. \u201cHemos pasado de tramitar un expediente en tres horas de media a tres minutos\u201d, ha se\u00f1alado el director general de la entidad.<\/p>\n<h2><strong>Retos conseguidos <\/strong><\/h2>\n<p>Por el n\u00famero de solicitudes recibidas hasta el momento, m\u00e1s de 78.000 en la primera convocatoria, se superan las 58.000 en la segunda y la tercera, que lleva abierta unos d\u00edas, ya cuenta con 40.000 interesados, parece que el reto de que el mensaje llegar\u00e1 a pymes y aut\u00f3nomos se ha superado. A ello ha contribuido, como ha asegurado Mart\u00ednez Lacambra, \u201cla gran difusi\u00f3n que se ha hecho desde la entidad, pero a la que tambi\u00e9n se han sumado otras organizaciones como CEOE, CEPYME o ATA, as\u00ed como los medios de comunicaci\u00f3n\u201d.<\/p>\n<p>En cuanto a conseguir que el proceso de tramitaci\u00f3n fuese \u00e1gil, sencillo y r\u00e1pida parece que los esfuerzos realizados por Red.es no han sido en vano. Tanto Iv\u00e1n Mayoral, director general de Hispamast, como Isabel Mart\u00ednez, socia fundadora de Veracetics SL, han destacado la sencillez y agilidad del proceso y han puesto en valor la figura del agente digitalizador. Ambas compa\u00f1\u00edas ya tienen implementadas las soluciones digitales que requer\u00edan y, tras las formaciones necesarias, est\u00e1n operando con estas herramientas.<\/p>\n","protected":false},"excerpt":{"rendered":"<p>El 15 de marzo echaba a andar oficialmente el programa Kit Digital con la apertura de la primera convocatoria. En estos m\u00e1s de siete meses se han abierto las otras dos convocatorias y Red.es, entidad adscrita al Ministerio de Asuntos Econ\u00f3micos y Transformaci\u00f3n Digital a trav\u00e9s de la Secretar\u00eda de Estado de Digitalizaci\u00f3n e Inteligencia [&hellip;]<\/p>\n","protected":false},"author":9,"featured_media":465,"comment_status":"closed","ping_status":"closed","sticky":false,"template":"","format":"standard","meta":{"jnews-multi-image_gallery":[],"jnews_single_post":{"source_name":"","source_url":"","via_name":"","via_url":"","override_template":"0","override":[{"template":"1","single_blog_custom":"","parallax":"1","fullscreen":"1","layout":"right-sidebar","sidebar":"default-sidebar","second_sidebar":"default-sidebar","sticky_sidebar":"1","share_position":"top","share_float_style":"share-monocrhome","show_share_counter":"1","show_view_counter":"1","show_featured":"1","show_post_meta":"1","show_post_author":"1","show_post_author_image":"1","show_post_date":"1","post_date_format":"default","post_date_format_custom":"Y\/m\/d","show_post_category":"1","show_post_reading_time":"0","post_reading_time_wpm":"300","show_zoom_button":"0","zoom_button_out_step":"2","zoom_button_in_step":"3","show_post_tag":"1","show_prev_next_post":"1","show_popup_post":"1","number_popup_post":"1","show_author_box":"0","show_post_related":"0","show_inline_post_related":"0"}],"override_image_size":"0","image_override":[{"single_post_thumbnail_size":"crop-500","single_post_gallery_size":"crop-500"}],"trending_post":"0","trending_post_position":"meta","trending_post_label":"Trending","sponsored_post":"0","sponsored_post_label":"Sponsored by","sponsored_post_name":"","sponsored_post_url":"","sponsored_post_logo_enable":"0","sponsored_post_logo":"","sponsored_post_desc":"","disable_ad":"0"},"jnews_primary_category":{"id":""},"jnews_social_meta":{"fb_title":"","fb_description":"","fb_image":"","twitter_title":"","twitter_description":"","twitter_image":""},"jnews_override_counter":{"override_view_counter":"0","view_counter_number":"0","override_share_counter":"0","share_counter_number":"0","override_like_counter":"0","like_counter_number":"0","override_dislike_counter":"0","dislike_counter_number":"0"},"footnotes":""},"categories":[2],"tags":[51,12,38,19],"class_list":["post-464","post","type-post","status-publish","format-standard","has-post-thumbnail","hentry","category-articulos","tag-fondosnextgenerationeu","tag-kit-digital","tag-red-es","tag-revista-pymes"],"_links":{"self":[{"href":"https:\/\/revistapymes.es\/fondos-next-generation\/wp-json\/wp\/v2\/posts\/464","targetHints":{"allow":["GET"]}}],"collection":[{"href":"https:\/\/revistapymes.es\/fondos-next-generation\/wp-json\/wp\/v2\/posts"}],"about":[{"href":"https:\/\/revistapymes.es\/fondos-next-generation\/wp-json\/wp\/v2\/types\/post"}],"author":[{"embeddable":true,"href":"https:\/\/revistapymes.es\/fondos-next-generation\/wp-json\/wp\/v2\/users\/9"}],"replies":[{"embeddable":true,"href":"https:\/\/revistapymes.es\/fondos-next-generation\/wp-json\/wp\/v2\/comments?post=464"}],"version-history":[{"count":1,"href":"https:\/\/revistapymes.es\/fondos-next-generation\/wp-json\/wp\/v2\/posts\/464\/revisions"}],"predecessor-version":[{"id":466,"href":"https:\/\/revistapymes.es\/fondos-next-generation\/wp-json\/wp\/v2\/posts\/464\/revisions\/466"}],"wp:featuredmedia":[{"embeddable":true,"href":"https:\/\/revistapymes.es\/fondos-next-generation\/wp-json\/wp\/v2\/media\/465"}],"wp:attachment":[{"href":"https:\/\/revistapymes.es\/fondos-next-generation\/wp-json\/wp\/v2\/media?parent=464"}],"wp:term":[{"taxonomy":"category","embeddable":true,"href":"https:\/\/revistapymes.es\/fondos-next-generation\/wp-json\/wp\/v2\/categories?post=464"},{"taxonomy":"post_tag","embeddable":true,"href":"https:\/\/revistapymes.es\/fondos-next-generation\/wp-json\/wp\/v2\/tags?post=464"}],"curies":[{"name":"wp","href":"https:\/\/api.w.org\/{rel}","templated":true}]}}