{"id":496,"date":"2022-12-07T10:53:08","date_gmt":"2022-12-07T10:53:08","guid":{"rendered":"https:\/\/revistapymes.es\/fondos-next-generation\/?p=496"},"modified":"2022-12-29T11:07:09","modified_gmt":"2022-12-29T11:07:09","slug":"grupo-qdq-y-ceaje-renuevan-su-colaboracion-para-seguir-acercando-el-kit-digital-a-los-asociados","status":"publish","type":"post","link":"https:\/\/revistapymes.es\/fondos-next-generation\/2022\/12\/07\/grupo-qdq-y-ceaje-renuevan-su-colaboracion-para-seguir-acercando-el-kit-digital-a-los-asociados\/","title":{"rendered":"Grupo QDQ y CEAJE renuevan su colaboraci\u00f3n para seguir acercando el Kit Digital a los asociados"},"content":{"rendered":"<p>La alianza entre <strong><a href=\"https:\/\/www.qdqmedia.com\/\">Grupo QDQ<\/a><\/strong> y <strong><a href=\"https:\/\/www.ceaje.es\/\">CEAJE<\/a><\/strong> (Confederaci\u00f3n Espa\u00f1ola de Asociaciones de J\u00f3venes Empresarios) est\u00e1 dando sus frutos. La empresa y la organizaci\u00f3n se aliaron con el objetivo de acercar a los m\u00e1s de 18.500 asociados de CEAJE el programa de ayudas Kit Digital.<\/p>\n<p>Esta colaboraci\u00f3n permite a las empresas asociadas contar con el asesoramiento y gu\u00eda del Grupo QDQ en todo el proceso, desde la tramitaci\u00f3n de la ayuda hasta la correcta implementaci\u00f3n de los servicios. Por el momento m\u00e1s de 1.000 empresas asociadas a CEAJE se han interesado por el Kit Digital.<\/p>\n<p>\u201cLos j\u00f3venes empresarios necesitan tanta ayuda como les podamos ofrecer de cara a sostener sus negocios en las mejores condiciones de competitividad y eficiencia orientada a resultados\u201d, comenta \u00c1gar P\u00e9rez Valer, CEO de Grupo QDQ. La directiva, adem\u00e1s, asegura que la renovaci\u00f3n del acuerdo permitir\u00e1 a la compa\u00f1\u00eda \u201cacompa\u00f1ar a m\u00e1s j\u00f3venes generadores de empleo en nuestro pa\u00eds\u201d.<\/p>\n<p>Por su parte, Ferm\u00edn Albaladejo, presidente de CEAJE, recuerda que \u201ceste primer a\u00f1o de alianza con Grupo QDQ ha servido para ayudar a muchos j\u00f3venes empresarios a digitalizar sus negocios, algo fundamental para el crecimiento de la cuenta de resultados\u201d. Sobre la renovaci\u00f3n del acuerdo, Albaladejo destaca que \u201ceste primer a\u00f1o ayudando juntos a las empresas nos ha permitido ofrecer a nuestros asociados soluciones para que puedan avanzar en su camino hacia el \u00e9xito\u201d.<\/p>\n","protected":false},"excerpt":{"rendered":"<p>La alianza entre Grupo QDQ y CEAJE (Confederaci\u00f3n Espa\u00f1ola de Asociaciones de J\u00f3venes Empresarios) est\u00e1 dando sus frutos. La empresa y la organizaci\u00f3n se aliaron con el objetivo de acercar a los m\u00e1s de 18.500 asociados de CEAJE el programa de ayudas Kit Digital. Esta colaboraci\u00f3n permite a las empresas asociadas contar con el asesoramiento [&hellip;]<\/p>\n","protected":false},"author":9,"featured_media":499,"comment_status":"closed","ping_status":"closed","sticky":false,"template":"","format":"standard","meta":{"jnews-multi-image_gallery":[],"jnews_single_post":{"source_name":"","source_url":"","via_name":"","via_url":"","override_template":"0","override":[{"template":"1","single_blog_custom":"","parallax":"1","fullscreen":"1","layout":"right-sidebar","sidebar":"default-sidebar","second_sidebar":"default-sidebar","sticky_sidebar":"1","share_position":"topbottom","share_float_style":"share-monocrhome","show_share_counter":"0","show_view_counter":"0","show_featured":"1","show_post_meta":"1","show_post_author":"0","show_post_author_image":"1","show_post_date":"0","post_date_format":"default","post_date_format_custom":"Y\/m\/d","show_post_category":"1","show_post_reading_time":"0","post_reading_time_wpm":"300","show_zoom_button":"0","zoom_button_out_step":"2","zoom_button_in_step":"3","show_post_tag":"1","show_prev_next_post":"1","show_popup_post":"0","number_popup_post":"1","show_author_box":"0","show_post_related":"0","show_inline_post_related":"0"}],"override_image_size":"0","image_override":[{"single_post_thumbnail_size":"crop-500","single_post_gallery_size":"crop-500"}],"trending_post":"0","trending_post_position":"meta","trending_post_label":"Trending","sponsored_post":"0","sponsored_post_label":"Sponsored by","sponsored_post_name":"","sponsored_post_url":"","sponsored_post_logo_enable":"0","sponsored_post_logo":"","sponsored_post_desc":"","disable_ad":"0"},"jnews_primary_category":{"id":"","hide":""},"jnews_social_meta":[],"jnews_override_counter":[],"footnotes":""},"categories":[2],"tags":[55,14,23,12,19],"class_list":["post-496","post","type-post","status-publish","format-standard","has-post-thumbnail","hentry","category-articulos","tag-ceaje","tag-fondos-nextgenerationeu","tag-grupo-qdq","tag-kit-digital","tag-revista-pymes"],"_links":{"self":[{"href":"https:\/\/revistapymes.es\/fondos-next-generation\/wp-json\/wp\/v2\/posts\/496","targetHints":{"allow":["GET"]}}],"collection":[{"href":"https:\/\/revistapymes.es\/fondos-next-generation\/wp-json\/wp\/v2\/posts"}],"about":[{"href":"https:\/\/revistapymes.es\/fondos-next-generation\/wp-json\/wp\/v2\/types\/post"}],"author":[{"embeddable":true,"href":"https:\/\/revistapymes.es\/fondos-next-generation\/wp-json\/wp\/v2\/users\/9"}],"replies":[{"embeddable":true,"href":"https:\/\/revistapymes.es\/fondos-next-generation\/wp-json\/wp\/v2\/comments?post=496"}],"version-history":[{"count":3,"href":"https:\/\/revistapymes.es\/fondos-next-generation\/wp-json\/wp\/v2\/posts\/496\/revisions"}],"predecessor-version":[{"id":500,"href":"https:\/\/revistapymes.es\/fondos-next-generation\/wp-json\/wp\/v2\/posts\/496\/revisions\/500"}],"wp:featuredmedia":[{"embeddable":true,"href":"https:\/\/revistapymes.es\/fondos-next-generation\/wp-json\/wp\/v2\/media\/499"}],"wp:attachment":[{"href":"https:\/\/revistapymes.es\/fondos-next-generation\/wp-json\/wp\/v2\/media?parent=496"}],"wp:term":[{"taxonomy":"category","embeddable":true,"href":"https:\/\/revistapymes.es\/fondos-next-generation\/wp-json\/wp\/v2\/categories?post=496"},{"taxonomy":"post_tag","embeddable":true,"href":"https:\/\/revistapymes.es\/fondos-next-generation\/wp-json\/wp\/v2\/tags?post=496"}],"curies":[{"name":"wp","href":"https:\/\/api.w.org\/{rel}","templated":true}]}}