{"id":5,"date":"2022-02-25T10:29:08","date_gmt":"2022-02-25T10:29:08","guid":{"rendered":"https:\/\/revistapymes.es\/fondos-next-generation\/?p=5"},"modified":"2022-02-25T12:16:12","modified_gmt":"2022-02-25T12:16:12","slug":"el-gobierno-da-a-conocer-las-bases-que-regularan-las-ayudas-del-kit-digital","status":"publish","type":"post","link":"https:\/\/revistapymes.es\/fondos-next-generation\/2022\/02\/25\/el-gobierno-da-a-conocer-las-bases-que-regularan-las-ayudas-del-kit-digital\/","title":{"rendered":"El Gobierno da a conocer las bases que regular\u00e1n las ayudas del Kit Digital"},"content":{"rendered":"<p><strong>Las bases reguladoras para la concesi\u00f3n de ayudas del Kit Digital ya est\u00e1n publicadas en el <\/strong><a href=\"https:\/\/boe.es\/boe\/dias\/2021\/12\/30\/pdfs\/BOE-A-2021-21873.pdf\"><strong>Bolet\u00edn Oficial del Estado<\/strong><\/a>. El programa, que cuenta con una <strong>partida presupuestaria de 3.067 millones de euros para el periodo 2021-2023<\/strong>, busca facilitar la digitalizaci\u00f3n de las pymes y aut\u00f3nomos a trav\u00e9s de la adopci\u00f3n de soluciones digitales en diversos \u00e1mbitos.<\/p>\n<p>Tal y como se especifica en las bases, <strong>las empresas podr\u00e1n acceder<\/strong>, una vez lanzadas las convocatorias y seg\u00fan el n\u00famero de empleados, <strong>a un bono digital de entre 2.000 y 12.000 euros<\/strong>. Las compa\u00f1\u00edas que tengan entre 10 y 50 empleados podr\u00e1n acceder a una ayuda m\u00e1s alta, mientras que las pymes de entre 9 y 3 empleados optar\u00e1n a bonos de 6.000 euros y aquellas empresas que tengan menos de tres trabajadores recibir\u00e1n ayudas de 2.000 euros.<\/p>\n<p>Seg\u00fan recoge el BOE, <strong>las empresas interesadas dispondr\u00e1n de al menos tres meses<\/strong>, desde la publicaci\u00f3n de la convocatoria, <strong>o hasta que se agote el presupuesto para solicitar dicho bono digital<\/strong>. <strong>Las compa\u00f1\u00edas beneficiadas de estas ayudas tendr\u00e1n un plazo de seis meses para firmar un \u201cAcuerdo de prestaci\u00f3n de soluciones de digitalizaci\u00f3n\u201d con alguno de los agentes digitalizadores adheridos al programa<\/strong>.<\/p>\n<p><strong>En las bases publicadas tambi\u00e9n se indican las condiciones<\/strong> que deben cumplir las empresas para solicitar dichas ayudas. Entre los requisitos necesarios destacan, por un lado, el cumplimiento de la normativa de la Ley General de Subvenciones. Y, por otro lado, las pymes y aut\u00f3nomos deber\u00e1n disponer de la evaluaci\u00f3n de madurez digital acorde al test de diagn\u00f3stico de la <a href=\"https:\/\/www.acelerapyme.es\/\">plataforma Acelera Pyme<\/a>.<\/p>\n<p>Se prev\u00e9 que la primera convocatoria de ayudas, dirigida a pymes de entre 10 y 50 empleados, se publique en estos primeros meses del a\u00f1o. Una primera convocatoria que contar\u00e1 con un presupuesto de 500 millones de euros. Todas las empresas interesadas pueden solicitar informaci\u00f3n y asesoramiento a trav\u00e9s del programa Acelera Pyme o en cualquiera de sus oficinas.<\/p>\n<div  class=\"jeg_postblock_5 jeg_postblock jeg_module_hook jeg_pagination_disable jeg_col_3o3 jnews_module__0_69f340b7b309e   \" data-unique=\"jnews_module__0_69f340b7b309e\">\n\t\t\t\t\t<div class=\"jeg_block_heading jeg_block_heading_6 jeg_subcat_right\">\n                     <h3 class=\"jeg_block_title\"><span>DOCUMENTO RELACIONADO<\/span><\/h3>\n                     \n                 <\/div>\n\t\t\t\t\t<div class=\"jeg_block_container\">\n                    \n                    <div class=\"jeg_posts jeg_load_more_flag\"><article class=\"jeg_post jeg_pl_lg_2 format-standard\">\n                    <div class=\"jeg_thumb\">\n                        \n                        <a href=\"https:\/\/revistapymes.es\/fondos-next-generation\/2022\/02\/25\/bases-legales-para-las-ayudas-del-kit-digital\/\" aria-label=\"Read article: Bases legales para las ayudas del Kit Digital\"><div class=\"thumbnail-container animate-lazy  size-715 \"><img loading=\"lazy\" decoding=\"async\" width=\"350\" height=\"250\" src=\"https:\/\/revistapymes.es\/fondos-next-generation\/wp-content\/themes\/jnews\/assets\/img\/jeg-empty.png\" class=\"attachment-jnews-350x250 size-jnews-350x250 lazyload wp-post-image\" alt=\"\" sizes=\"auto, (max-width: 350px) 100vw, 350px\" data-src=\"https:\/\/revistapymes.es\/fondos-next-generation\/wp-content\/uploads\/sites\/2\/2022\/02\/boe-350x250.jpg\" data-srcset=\"https:\/\/revistapymes.es\/fondos-next-generation\/wp-content\/uploads\/sites\/2\/2022\/02\/boe-350x250.jpg 350w, https:\/\/revistapymes.es\/fondos-next-generation\/wp-content\/uploads\/sites\/2\/2022\/02\/boe-120x86.jpg 120w\" data-sizes=\"auto\" data-expand=\"700\" \/><\/div><\/a>\n                        <div class=\"jeg_post_category\">\n                            <span><a href=\"https:\/\/revistapymes.es\/fondos-next-generation\/category\/documentos\/\" class=\"category-documentos\">Documentos<\/a><\/span>\n                        <\/div>\n                    <\/div>\n                    <div class=\"jeg_postblock_content\">\n                        <h3 class=\"jeg_post_title\">\n                            <a href=\"https:\/\/revistapymes.es\/fondos-next-generation\/2022\/02\/25\/bases-legales-para-las-ayudas-del-kit-digital\/\">Bases legales para las ayudas del Kit Digital<\/a>\n                        <\/h3>\n                        <div class=\"jeg_post_meta\"><\/div>\n                        <div class=\"jeg_post_excerpt\">\n                            <p>Acceda al documento<\/p>\n                            <a href=\"https:\/\/revistapymes.es\/fondos-next-generation\/2022\/02\/25\/bases-legales-para-las-ayudas-del-kit-digital\/\" class=\"jeg_readmore\">Leer m\u00e1s<span class=\"screen-reader-text\">Details<\/span><\/a>\n                        <\/div>\n                    <\/div>\n                <\/article><\/div>\n                    <div class='module-overlay'>\n\t\t\t\t    <div class='preloader_type preloader_dot'>\n\t\t\t\t        <div class=\"module-preloader jeg_preloader dot\">\n\t\t\t\t            <span><\/span><span><\/span><span><\/span>\n\t\t\t\t        <\/div>\n\t\t\t\t        <div class=\"module-preloader jeg_preloader circle\">\n\t\t\t\t            <div class=\"jnews_preloader_circle_outer\">\n\t\t\t\t                <div class=\"jnews_preloader_circle_inner\"><\/div>\n\t\t\t\t            <\/div>\n\t\t\t\t        <\/div>\n\t\t\t\t        <div class=\"module-preloader jeg_preloader square\">\n\t\t\t\t            <div class=\"jeg_square\">\n\t\t\t\t                <div class=\"jeg_square_inner\"><\/div>\n\t\t\t\t            <\/div>\n\t\t\t\t        <\/div>\n\t\t\t\t    <\/div>\n\t\t\t\t<\/div>\n                <\/div>\n                <div class=\"jeg_block_navigation\">\n                    <div class='navigation_overlay'><div class='module-preloader jeg_preloader'><span><\/span><span><\/span><span><\/span><\/div><\/div>\n                    \n                    \n                <\/div>\n\t\t\t\t\t\n\t\t\t\t\t<script>var jnews_module__0_69f340b7b309e = {\"compatible_column_notice\":\"info\",\"header_icon\":\"\",\"first_title\":\"DOCUMENTO RELACIONADO\",\"second_title\":\"\",\"url\":\"\",\"header_type\":\"heading_6\",\"header_background\":\"\",\"header_secondary_background\":\"\",\"header_text_color\":\"\",\"header_line_color\":\"\",\"header_accent_color\":\"\",\"header_filter_category\":\"\",\"header_filter_author\":\"\",\"header_filter_tag\":\"\",\"header_filter_text\":\"All\",\"sticky_post\":false,\"sticky_post_filter\":false,\"post_type\":\"post\",\"content_type\":\"all\",\"sponsor\":false,\"number_post\":\"1\",\"post_offset\":0,\"unique_content\":\"disable\",\"include_post\":\"27\",\"included_only\":false,\"exclude_post\":\"\",\"include_category\":\"\",\"exclude_category\":\"\",\"include_author\":\"\",\"include_tag\":\"\",\"exclude_tag\":\"\",\"exclude_visited_post\":false,\"sort_by\":\"latest\",\"date_format\":\"default\",\"date_format_custom\":\"Y\\\/m\\\/d\",\"excerpt_length\":20,\"excerpt_ellipsis\":\"...\",\"force_normal_image_load\":\"\",\"main_custom_image_size\":\"default\",\"pagination_mode\":\"disable\",\"pagination_nextprev_showtext\":\"\",\"pagination_number_post\":4,\"pagination_scroll_limit\":0,\"ads_type\":\"disable\",\"ads_position\":1,\"ads_random\":\"\",\"ads_image\":\"\",\"ads_image_tablet\":\"\",\"ads_image_phone\":\"\",\"ads_image_link\":\"\",\"ads_image_alt\":\"\",\"ads_image_new_tab\":\"\",\"google_publisher_id\":\"\",\"google_slot_id\":\"\",\"google_desktop\":\"auto\",\"google_tab\":\"auto\",\"google_phone\":\"auto\",\"content\":\"\",\"ads_bottom_text\":\"\",\"boxed\":\"\",\"boxed_shadow\":\"\",\"el_id\":\"\",\"el_class\":\"\",\"scheme\":\"\",\"column_width\":\"auto\",\"title_color\":\"\",\"accent_color\":\"\",\"alt_color\":\"\",\"excerpt_color\":\"\",\"css\":\"\",\"paged\":1,\"column_class\":\"jeg_col_3o3\",\"class\":\"jnews_block_5\"};<\/script>\n\t\t\t\t<\/div>\n","protected":false},"excerpt":{"rendered":"<p>Las bases reguladoras para la concesi\u00f3n de ayudas del Kit Digital ya est\u00e1n publicadas en el Bolet\u00edn Oficial del Estado. El programa, que cuenta con una partida presupuestaria de 3.067 millones de euros para el periodo 2021-2023, busca facilitar la digitalizaci\u00f3n de las pymes y aut\u00f3nomos a trav\u00e9s de la adopci\u00f3n de soluciones digitales en [&hellip;]<\/p>\n","protected":false},"author":1,"featured_media":7,"comment_status":"closed","ping_status":"open","sticky":false,"template":"","format":"standard","meta":{"jnews-multi-image_gallery":[],"jnews_single_post":{"source_name":"","source_url":"","via_name":"","via_url":"","override_template":"0","override":[{"template":"1","single_blog_custom":"","parallax":"1","fullscreen":"1","layout":"right-sidebar","sidebar":"default-sidebar","second_sidebar":"default-sidebar","sticky_sidebar":"1","share_position":"top","share_float_style":"share-monocrhome","show_share_counter":"1","show_view_counter":"1","show_featured":"1","show_post_meta":"1","show_post_author":"1","show_post_author_image":"1","show_post_date":"1","post_date_format":"default","post_date_format_custom":"Y\/m\/d","show_post_category":"1","show_post_reading_time":"0","post_reading_time_wpm":"300","show_zoom_button":"0","zoom_button_out_step":"2","zoom_button_in_step":"3","show_post_tag":"1","show_prev_next_post":"1","show_popup_post":"1","number_popup_post":"1","show_author_box":"0","show_post_related":"0","show_inline_post_related":"0"}],"override_image_size":"0","image_override":[{"single_post_thumbnail_size":"crop-500","single_post_gallery_size":"crop-500"}],"trending_post":"0","trending_post_position":"meta","trending_post_label":"Trending","sponsored_post":"0","sponsored_post_label":"Sponsored by","sponsored_post_name":"","sponsored_post_url":"","sponsored_post_logo_enable":"0","sponsored_post_logo":"","sponsored_post_desc":"","disable_ad":"0"},"jnews_primary_category":{"id":""},"jnews_social_meta":{"fb_title":"","fb_description":"","fb_image":"","twitter_title":"","twitter_description":"","twitter_image":""},"jnews_override_counter":{"override_view_counter":"0","view_counter_number":"0","override_share_counter":"0","share_counter_number":"0","override_like_counter":"0","like_counter_number":"0","override_dislike_counter":"0","dislike_counter_number":"0"},"footnotes":""},"categories":[2],"tags":[],"class_list":["post-5","post","type-post","status-publish","format-standard","has-post-thumbnail","hentry","category-articulos"],"_links":{"self":[{"href":"https:\/\/revistapymes.es\/fondos-next-generation\/wp-json\/wp\/v2\/posts\/5","targetHints":{"allow":["GET"]}}],"collection":[{"href":"https:\/\/revistapymes.es\/fondos-next-generation\/wp-json\/wp\/v2\/posts"}],"about":[{"href":"https:\/\/revistapymes.es\/fondos-next-generation\/wp-json\/wp\/v2\/types\/post"}],"author":[{"embeddable":true,"href":"https:\/\/revistapymes.es\/fondos-next-generation\/wp-json\/wp\/v2\/users\/1"}],"replies":[{"embeddable":true,"href":"https:\/\/revistapymes.es\/fondos-next-generation\/wp-json\/wp\/v2\/comments?post=5"}],"version-history":[{"count":4,"href":"https:\/\/revistapymes.es\/fondos-next-generation\/wp-json\/wp\/v2\/posts\/5\/revisions"}],"predecessor-version":[{"id":60,"href":"https:\/\/revistapymes.es\/fondos-next-generation\/wp-json\/wp\/v2\/posts\/5\/revisions\/60"}],"wp:featuredmedia":[{"embeddable":true,"href":"https:\/\/revistapymes.es\/fondos-next-generation\/wp-json\/wp\/v2\/media\/7"}],"wp:attachment":[{"href":"https:\/\/revistapymes.es\/fondos-next-generation\/wp-json\/wp\/v2\/media?parent=5"}],"wp:term":[{"taxonomy":"category","embeddable":true,"href":"https:\/\/revistapymes.es\/fondos-next-generation\/wp-json\/wp\/v2\/categories?post=5"},{"taxonomy":"post_tag","embeddable":true,"href":"https:\/\/revistapymes.es\/fondos-next-generation\/wp-json\/wp\/v2\/tags?post=5"}],"curies":[{"name":"wp","href":"https:\/\/api.w.org\/{rel}","templated":true}]}}