{"id":504,"date":"2022-12-23T15:37:49","date_gmt":"2022-12-23T15:37:49","guid":{"rendered":"https:\/\/revistapymes.es\/fondos-next-generation\/?p=504"},"modified":"2022-12-27T15:54:24","modified_gmt":"2022-12-27T15:54:24","slug":"el-programa-kit-digital-reparte-mas-de-670-millones-de-euros","status":"publish","type":"post","link":"https:\/\/revistapymes.es\/fondos-next-generation\/2022\/12\/23\/el-programa-kit-digital-reparte-mas-de-670-millones-de-euros\/","title":{"rendered":"El programa Kit Digital reparte ya m\u00e1s de 670 millones de euros entre las pymes"},"content":{"rendered":"<p>Hace poco m\u00e1s de nueve meses que el programa Kit Digital ech\u00f3 a andar con la apertura de su primera convocatoria y en estos meses <strong><a href=\"https:\/\/red.es\/es\">Red.es<\/a><\/strong>, entidad adscrita al Ministerio de Asuntos Econ\u00f3micos y Transformaci\u00f3n Digital a trav\u00e9s de la Secretar\u00eda de Estado de Digitalizaci\u00f3n e Inteligencia Artificial, ha concedido ya m\u00e1s de 107.000 ayudas. La cuant\u00eda econ\u00f3mica repartida hasta el momento para la digitalizaci\u00f3n de las pymes supera ya los 670 millones de euros.<\/p>\n<p>Actualmente las tres convocatorias est\u00e1n activas de forma paralela permitiendo que todas las empresas de menos de 50 empleados que cumplan los requisitos puedan solicitar la ayuda. La primera convocatoria se cerrar\u00e1 en marzo, mientas que la segunda y tercera permanecer\u00e1n abiertas hasta septiembre y octubre, respectivamente.<\/p>\n<p>Todas las pymes beneficiarias del bono digital, cuyo plazo de concesi\u00f3n es de menos de 30 d\u00edas, tendr\u00e1n la oportunidad de digitalizar su negocio en varias categor\u00edas: sitio web y presencia en Internet, gesti\u00f3n de redes sociales, comercio electr\u00f3nico, gesti\u00f3n de clientes, servicios y herramientas de oficina virtual, gesti\u00f3n de procesos, factura electr\u00f3nica, comunicaciones seguras, ciberseguridad, inteligencia empresarial y anal\u00edtica, presencia avanzada en Internet y marketplace.<\/p>\n<p>Para la implantaci\u00f3n de la o las soluciones digitales deseadas las pymes deber\u00e1n elegir a un agente digitalizador. La lista de agentes digitalizadores hoy en d\u00eda roza los 10.000 agentes adheridos de los que el 98 % son peque\u00f1as empresas. Adem\u00e1s, 4.800 agentes ya tienen acuerdos firmados con empresas beneficiarias de los que alrededor del 70 % son peque\u00f1as empresas.<\/p>\n","protected":false},"excerpt":{"rendered":"<p>Hace poco m\u00e1s de nueve meses que el programa Kit Digital ech\u00f3 a andar con la apertura de su primera convocatoria y en estos meses Red.es, entidad adscrita al Ministerio de Asuntos Econ\u00f3micos y Transformaci\u00f3n Digital a trav\u00e9s de la Secretar\u00eda de Estado de Digitalizaci\u00f3n e Inteligencia Artificial, ha concedido ya m\u00e1s de 107.000 ayudas. [&hellip;]<\/p>\n","protected":false},"author":9,"featured_media":505,"comment_status":"closed","ping_status":"closed","sticky":false,"template":"","format":"standard","meta":{"jnews-multi-image_gallery":[],"jnews_single_post":{"source_name":"","source_url":"","via_name":"","via_url":"","override_template":"0","override":[{"template":"1","single_blog_custom":"","parallax":"1","fullscreen":"1","layout":"right-sidebar","sidebar":"default-sidebar","second_sidebar":"default-sidebar","sticky_sidebar":"1","share_position":"topbottom","share_float_style":"share-monocrhome","show_share_counter":"0","show_view_counter":"0","show_featured":"1","show_post_meta":"1","show_post_author":"0","show_post_author_image":"1","show_post_date":"0","post_date_format":"default","post_date_format_custom":"Y\/m\/d","show_post_category":"1","show_post_reading_time":"0","post_reading_time_wpm":"300","show_zoom_button":"0","zoom_button_out_step":"2","zoom_button_in_step":"3","show_post_tag":"1","show_prev_next_post":"1","show_popup_post":"0","number_popup_post":"1","show_author_box":"0","show_post_related":"0","show_inline_post_related":"0"}],"override_image_size":"0","image_override":[{"single_post_thumbnail_size":"crop-500","single_post_gallery_size":"crop-500"}],"trending_post":"0","trending_post_position":"meta","trending_post_label":"Trending","sponsored_post":"0","sponsored_post_label":"Sponsored by","sponsored_post_name":"","sponsored_post_url":"","sponsored_post_logo_enable":"0","sponsored_post_logo":"","sponsored_post_desc":"","disable_ad":"0"},"jnews_primary_category":{"id":"","hide":""},"jnews_social_meta":[],"jnews_override_counter":[],"footnotes":""},"categories":[2],"tags":[14,12,38,19],"class_list":["post-504","post","type-post","status-publish","format-standard","has-post-thumbnail","hentry","category-articulos","tag-fondos-nextgenerationeu","tag-kit-digital","tag-red-es","tag-revista-pymes"],"_links":{"self":[{"href":"https:\/\/revistapymes.es\/fondos-next-generation\/wp-json\/wp\/v2\/posts\/504","targetHints":{"allow":["GET"]}}],"collection":[{"href":"https:\/\/revistapymes.es\/fondos-next-generation\/wp-json\/wp\/v2\/posts"}],"about":[{"href":"https:\/\/revistapymes.es\/fondos-next-generation\/wp-json\/wp\/v2\/types\/post"}],"author":[{"embeddable":true,"href":"https:\/\/revistapymes.es\/fondos-next-generation\/wp-json\/wp\/v2\/users\/9"}],"replies":[{"embeddable":true,"href":"https:\/\/revistapymes.es\/fondos-next-generation\/wp-json\/wp\/v2\/comments?post=504"}],"version-history":[{"count":2,"href":"https:\/\/revistapymes.es\/fondos-next-generation\/wp-json\/wp\/v2\/posts\/504\/revisions"}],"predecessor-version":[{"id":507,"href":"https:\/\/revistapymes.es\/fondos-next-generation\/wp-json\/wp\/v2\/posts\/504\/revisions\/507"}],"wp:featuredmedia":[{"embeddable":true,"href":"https:\/\/revistapymes.es\/fondos-next-generation\/wp-json\/wp\/v2\/media\/505"}],"wp:attachment":[{"href":"https:\/\/revistapymes.es\/fondos-next-generation\/wp-json\/wp\/v2\/media?parent=504"}],"wp:term":[{"taxonomy":"category","embeddable":true,"href":"https:\/\/revistapymes.es\/fondos-next-generation\/wp-json\/wp\/v2\/categories?post=504"},{"taxonomy":"post_tag","embeddable":true,"href":"https:\/\/revistapymes.es\/fondos-next-generation\/wp-json\/wp\/v2\/tags?post=504"}],"curies":[{"name":"wp","href":"https:\/\/api.w.org\/{rel}","templated":true}]}}