{"id":531,"date":"2023-05-11T13:01:25","date_gmt":"2023-05-11T13:01:25","guid":{"rendered":"https:\/\/revistapymes.es\/fondos-next-generation\/?p=531"},"modified":"2023-05-11T13:01:25","modified_gmt":"2023-05-11T13:01:25","slug":"la-red-de-oficinas-acelera-pyme-se-ampliara-a-traves-de-los-fondos-nextgenerationeu","status":"publish","type":"post","link":"https:\/\/revistapymes.es\/fondos-next-generation\/2023\/05\/11\/la-red-de-oficinas-acelera-pyme-se-ampliara-a-traves-de-los-fondos-nextgenerationeu\/","title":{"rendered":"La red de oficinas Acelera Pyme se ampliar\u00e1 a trav\u00e9s de los fondos NextGenerationEU"},"content":{"rendered":"<p>El Gobierno ha aprobado la concesi\u00f3n de 40 millones de euros, procedentes de los fondos NextGeneratioEU del Plan de Recuperaci\u00f3n, a la C\u00e1mara de Comercio de Espa\u00f1a para que acometa la ampliaci\u00f3n necesaria de la red de oficinas Acelera Pyme. Una red que est\u00e1 dise\u00f1ada para ayudar a las pymes espa\u00f1olas en su proceso de digitalizaci\u00f3n y en el acceso a los bonos del Kit Digital.<\/p>\n<p>La C\u00e1mara de Comercio de Espa\u00f1a destinar\u00e1 esta subvenci\u00f3n, por un lado, a la creaci\u00f3n de hasta 85 nuevas oficinas y, por otro lado, al refuerzo de las oficinas Acelera Pyme ya existentes en las diferentes C\u00e1maras de Comercio. De esta manera, la red de oficinas Acelera Pyme podr\u00e1 alcanzar las 176 unidades repartidas por todos los territorios a partir de este mismo verano.<\/p>\n<p>La subvenci\u00f3n se realizar\u00e1 a trav\u00e9s de Red.es, entidad adscrita al Ministerio de Asuntos Econ\u00f3micos y Transformaci\u00f3n Digital mediante la Secretaria de Estado de Digitalizaci\u00f3n e Inteligencia Artificial, de manera escalonada en los pr\u00f3ximos a\u00f1os. En 2023 se invertir\u00e1n 12 millones de euros, el pr\u00f3ximo a\u00f1o la inversi\u00f3n alcanzar\u00e1 los 16 millones de euros y en 2025 12 millones de euros.<\/p>\n","protected":false},"excerpt":{"rendered":"<p>El Gobierno ha aprobado la concesi\u00f3n de 40 millones de euros, procedentes de los fondos NextGeneratioEU del Plan de Recuperaci\u00f3n, a la C\u00e1mara de Comercio de Espa\u00f1a para que acometa la ampliaci\u00f3n necesaria de la red de oficinas Acelera Pyme. Una red que est\u00e1 dise\u00f1ada para ayudar a las pymes espa\u00f1olas en su proceso de [&hellip;]<\/p>\n","protected":false},"author":9,"featured_media":532,"comment_status":"closed","ping_status":"closed","sticky":false,"template":"","format":"standard","meta":{"jnews-multi-image_gallery":[],"jnews_single_post":{"source_name":"","source_url":"","via_name":"","via_url":"","override_template":"0","override":[{"template":"1","single_blog_custom":"","parallax":"1","fullscreen":"1","layout":"right-sidebar","sidebar":"default-sidebar","second_sidebar":"default-sidebar","sticky_sidebar":"1","share_position":"topbottom","share_float_style":"share-monocrhome","show_share_counter":"0","show_view_counter":"0","show_featured":"1","show_post_meta":"1","show_post_author":"0","show_post_author_image":"1","show_post_date":"0","post_date_format":"default","post_date_format_custom":"Y\/m\/d","show_post_category":"1","show_post_reading_time":"0","post_reading_time_wpm":"300","show_zoom_button":"0","zoom_button_out_step":"2","zoom_button_in_step":"3","show_post_tag":"1","show_prev_next_post":"1","show_popup_post":"0","number_popup_post":"1","show_author_box":"0","show_post_related":"0","show_inline_post_related":"0"}],"override_image_size":"0","image_override":[{"single_post_thumbnail_size":"crop-500","single_post_gallery_size":"crop-500"}],"trending_post":"0","trending_post_position":"meta","trending_post_label":"Trending","sponsored_post":"0","sponsored_post_label":"Sponsored by","sponsored_post_name":"","sponsored_post_url":"","sponsored_post_logo_enable":"0","sponsored_post_logo":"","sponsored_post_desc":"","disable_ad":"0"},"jnews_primary_category":{"id":"","hide":""},"jnews_social_meta":[],"jnews_override_counter":[],"footnotes":""},"categories":[2],"tags":[31,14,38,19],"class_list":["post-531","post","type-post","status-publish","format-standard","has-post-thumbnail","hentry","category-articulos","tag-acelera-pyme","tag-fondos-nextgenerationeu","tag-red-es","tag-revista-pymes"],"_links":{"self":[{"href":"https:\/\/revistapymes.es\/fondos-next-generation\/wp-json\/wp\/v2\/posts\/531","targetHints":{"allow":["GET"]}}],"collection":[{"href":"https:\/\/revistapymes.es\/fondos-next-generation\/wp-json\/wp\/v2\/posts"}],"about":[{"href":"https:\/\/revistapymes.es\/fondos-next-generation\/wp-json\/wp\/v2\/types\/post"}],"author":[{"embeddable":true,"href":"https:\/\/revistapymes.es\/fondos-next-generation\/wp-json\/wp\/v2\/users\/9"}],"replies":[{"embeddable":true,"href":"https:\/\/revistapymes.es\/fondos-next-generation\/wp-json\/wp\/v2\/comments?post=531"}],"version-history":[{"count":1,"href":"https:\/\/revistapymes.es\/fondos-next-generation\/wp-json\/wp\/v2\/posts\/531\/revisions"}],"predecessor-version":[{"id":533,"href":"https:\/\/revistapymes.es\/fondos-next-generation\/wp-json\/wp\/v2\/posts\/531\/revisions\/533"}],"wp:featuredmedia":[{"embeddable":true,"href":"https:\/\/revistapymes.es\/fondos-next-generation\/wp-json\/wp\/v2\/media\/532"}],"wp:attachment":[{"href":"https:\/\/revistapymes.es\/fondos-next-generation\/wp-json\/wp\/v2\/media?parent=531"}],"wp:term":[{"taxonomy":"category","embeddable":true,"href":"https:\/\/revistapymes.es\/fondos-next-generation\/wp-json\/wp\/v2\/categories?post=531"},{"taxonomy":"post_tag","embeddable":true,"href":"https:\/\/revistapymes.es\/fondos-next-generation\/wp-json\/wp\/v2\/tags?post=531"}],"curies":[{"name":"wp","href":"https:\/\/api.w.org\/{rel}","templated":true}]}}