{"id":556,"date":"2023-06-08T14:26:08","date_gmt":"2023-06-08T14:26:08","guid":{"rendered":"https:\/\/revistapymes.es\/fondos-next-generation\/?p=556"},"modified":"2023-06-08T15:09:45","modified_gmt":"2023-06-08T15:09:45","slug":"espana-necesita-mayor-inversion-publica-en-programas-de-concienciacion-para-las-pymes","status":"publish","type":"post","link":"https:\/\/revistapymes.es\/fondos-next-generation\/2023\/06\/08\/espana-necesita-mayor-inversion-publica-en-programas-de-concienciacion-para-las-pymes\/","title":{"rendered":"\u201cEspa\u00f1a necesita mayor inversi\u00f3n p\u00fablica en programas de concienciaci\u00f3n para las pymes\u201d"},"content":{"rendered":"<p>El segmento pyme en Espa\u00f1a es muy amplio. Hecho que, como explica Carlos Gald\u00f3n, director de canal de Sophos Iberia, dibuja un heterog\u00e9neo ecosistema que deriva en que el nivel de concienciaci\u00f3n y protecci\u00f3n sea muy diferente. \u201cDependiendo del sector hay empresas m\u00e1s concienciadas o menos en ciberseguridad\u201d, apunta. Influye tambi\u00e9n en esta ecuaci\u00f3n el n\u00famero de empleados. \u201cLas pymes de m\u00e1s de 150 empleados se comportan como una empresa enterprise porque est\u00e1n siendo v\u00edctimas de m\u00e1s ciberataques, y su concienciaci\u00f3n es mayor\u201d, asegura.<\/p>\n<p>Para Gald\u00f3n la falta de inversi\u00f3n p\u00fablica en programas de concienciaci\u00f3n es la clave que necesita Espa\u00f1a para incrementar la cultura en ciberseguridad de las pymes. \u201cHace falta m\u00e1s inversi\u00f3n p\u00fablica para programas de concienciaci\u00f3n para las pymes, porque si no es imposible, las empresas privadas llegamos hasta donde podemos\u201d, comenta.<\/p>\n<p>El responsable del canal en Sophos Iberia analiza, en la siguiente entrevista, el impacto que est\u00e1 teniendo el Kit Digital y apunta a las soluciones de protecci\u00f3n del email y los endpoints, as\u00ed como las herramientas de concienciaci\u00f3n, como las m\u00e1s demandadas entre las herramientas de la compa\u00f1\u00eda.<\/p>\n","protected":false},"excerpt":{"rendered":"<p>El segmento pyme en Espa\u00f1a es muy amplio. Hecho que, como explica Carlos Gald\u00f3n, director de canal de Sophos Iberia, dibuja un heterog\u00e9neo ecosistema que deriva en que el nivel de concienciaci\u00f3n y protecci\u00f3n sea muy diferente. \u201cDependiendo del sector hay empresas m\u00e1s concienciadas o menos en ciberseguridad\u201d, apunta. Influye tambi\u00e9n en esta ecuaci\u00f3n el [&hellip;]<\/p>\n","protected":false},"author":9,"featured_media":558,"comment_status":"closed","ping_status":"closed","sticky":false,"template":"","format":"video","meta":{"jnews-multi-image_gallery":[],"jnews_single_post":{"source_name":"","source_url":"","via_name":"","via_url":"","override_template":"0","override":[{"template":"1","single_blog_custom":"","parallax":"1","fullscreen":"1","layout":"right-sidebar","sidebar":"default-sidebar","second_sidebar":"default-sidebar","sticky_sidebar":"1","share_position":"topbottom","share_float_style":"share-monocrhome","show_share_counter":"0","show_view_counter":"0","show_featured":"1","show_post_meta":"1","show_post_author":"0","show_post_author_image":"1","show_post_date":"0","post_date_format":"default","post_date_format_custom":"Y\/m\/d","show_post_category":"1","show_post_reading_time":"0","post_reading_time_wpm":"300","show_zoom_button":"0","zoom_button_out_step":"2","zoom_button_in_step":"3","show_post_tag":"1","show_prev_next_post":"1","show_popup_post":"0","number_popup_post":"1","show_author_box":"0","show_post_related":"0","show_inline_post_related":"0"}],"override_image_size":"0","image_override":[{"single_post_thumbnail_size":"crop-500","single_post_gallery_size":"crop-500"}],"trending_post":"0","trending_post_position":"meta","trending_post_label":"Trending","sponsored_post":"0","sponsored_post_label":"Sponsored by","sponsored_post_name":"","sponsored_post_url":"","sponsored_post_logo_enable":"0","sponsored_post_logo":"","sponsored_post_desc":"","disable_ad":"0"},"jnews_primary_category":{"id":"","hide":""},"jnews_social_meta":[],"jnews_override_counter":[],"footnotes":""},"categories":[4],"tags":[62],"class_list":["post-556","post","type-post","status-publish","format-video","has-post-thumbnail","hentry","category-videos","tag-sophos","post_format-post-format-video"],"_links":{"self":[{"href":"https:\/\/revistapymes.es\/fondos-next-generation\/wp-json\/wp\/v2\/posts\/556","targetHints":{"allow":["GET"]}}],"collection":[{"href":"https:\/\/revistapymes.es\/fondos-next-generation\/wp-json\/wp\/v2\/posts"}],"about":[{"href":"https:\/\/revistapymes.es\/fondos-next-generation\/wp-json\/wp\/v2\/types\/post"}],"author":[{"embeddable":true,"href":"https:\/\/revistapymes.es\/fondos-next-generation\/wp-json\/wp\/v2\/users\/9"}],"replies":[{"embeddable":true,"href":"https:\/\/revistapymes.es\/fondos-next-generation\/wp-json\/wp\/v2\/comments?post=556"}],"version-history":[{"count":2,"href":"https:\/\/revistapymes.es\/fondos-next-generation\/wp-json\/wp\/v2\/posts\/556\/revisions"}],"predecessor-version":[{"id":561,"href":"https:\/\/revistapymes.es\/fondos-next-generation\/wp-json\/wp\/v2\/posts\/556\/revisions\/561"}],"wp:featuredmedia":[{"embeddable":true,"href":"https:\/\/revistapymes.es\/fondos-next-generation\/wp-json\/wp\/v2\/media\/558"}],"wp:attachment":[{"href":"https:\/\/revistapymes.es\/fondos-next-generation\/wp-json\/wp\/v2\/media?parent=556"}],"wp:term":[{"taxonomy":"category","embeddable":true,"href":"https:\/\/revistapymes.es\/fondos-next-generation\/wp-json\/wp\/v2\/categories?post=556"},{"taxonomy":"post_tag","embeddable":true,"href":"https:\/\/revistapymes.es\/fondos-next-generation\/wp-json\/wp\/v2\/tags?post=556"}],"curies":[{"name":"wp","href":"https:\/\/api.w.org\/{rel}","templated":true}]}}