{"id":564,"date":"2023-07-25T11:52:48","date_gmt":"2023-07-25T11:52:48","guid":{"rendered":"https:\/\/revistapymes.es\/fondos-next-generation\/?p=564"},"modified":"2023-07-25T11:52:48","modified_gmt":"2023-07-25T11:52:48","slug":"el-kit-digital-lleva-a-cooperativas-agrarias-y-sociedades-profesionales","status":"publish","type":"post","link":"https:\/\/revistapymes.es\/fondos-next-generation\/2023\/07\/25\/el-kit-digital-lleva-a-cooperativas-agrarias-y-sociedades-profesionales\/","title":{"rendered":"El Kit Digital lleva a cooperativas agrarias y sociedades profesionales"},"content":{"rendered":"<p>A partir del 12 de septiembre las comunidades de bienes, explotaciones agrarias y sociedades civiles podr\u00e1n solicitar, a trav\u00e9s de la <a href=\"https:\/\/sede.red.gob.es\/\">sede electr\u00f3nica de Red.es<\/a>, las ayudas del programa Kit Digital. Esta <a href=\"https:\/\/www.boe.es\/boe\/dias\/2023\/07\/22\/pdfs\/BOE-B-2023-22273.pdf\">nueva convocatoria<\/a> cuenta con un presupuesto inicial de 100 millones de euros ampliables y tiene como objetivo, al igual que el resto de convocatorias, mejorar la competitividad y nivel de madurez digital de estas entidades.<\/p>\n<p>Las comunidades de bienes, explotaciones agrarias y sociedades civiles que deseen solicitar las ayudas deber\u00e1n estar inscritas en el Censo de empresarios, profesionales y retenedores de la Agencia Estatal de Administraci\u00f3n Tributaria o en el censo equivalente de la Administraci\u00f3n Tributaria Foral. Adem\u00e1s, de contar con seis meses de antig\u00fcedad.<\/p>\n<p>Las entidades interesadas deber\u00e1n seguir el mismo proceso de solicitud que las empresas de los segmentos I, II y III. Tras comprobar que la entidad cumple con los requisitos se le conceder\u00e1 un bono digital, el cual ser\u00e1 otorgador en concurrencia no competitiva, de forma directa y por orden de llegada, que podr\u00e1 ser de 12.000\u20ac, 6.000\u20ac o 2.000\u20ac dependiendo de su tama\u00f1o. A trav\u00e9s de la <a href=\"https:\/\/www.acelerapyme.es\/\">web de Acelera Pyme<\/a> podr\u00e1n consultar el cat\u00e1logo de agentes digitalizadores, as\u00ed como las soluciones que les puedan interesar implementar.<\/p>\n<p>Esta convocatoria trae como novedad la necesidad de que las entidades cumplimenten un formulario \u00fanico, independientemente del segmento al que pertenezcan. Una vez recibida la solicitud ser\u00e1 Red.es quien realice las verificaciones necesarias para comprobar en qu\u00e9 segmento se ubica cada entidad solicitante.<\/p>\n<p>Adem\u00e1s, en caso de que las entidades no est\u00e1n constituidas en escritura p\u00fablica ser\u00e1 necesario presentar un modelo de representaci\u00f3n legal nombrando a un representante legar de los integrantes de la entidad. Dicho modelo se puede encontrar en la propia convocatoria.<\/p>\n<p>Hasta la fecha, el programa Kit Digital ha concedido ya m\u00e1s de 250.000 ayudas. Bonos digitales que se traducen en m\u00e1s de 1.200 millones de euros procedentes de los fondos europeos NextGenerationEU.<\/p>\n","protected":false},"excerpt":{"rendered":"<p>A partir del 12 de septiembre las comunidades de bienes, explotaciones agrarias y sociedades civiles podr\u00e1n solicitar, a trav\u00e9s de la sede electr\u00f3nica de Red.es, las ayudas del programa Kit Digital. Esta nueva convocatoria cuenta con un presupuesto inicial de 100 millones de euros ampliables y tiene como objetivo, al igual que el resto de [&hellip;]<\/p>\n","protected":false},"author":9,"featured_media":565,"comment_status":"closed","ping_status":"closed","sticky":false,"template":"","format":"standard","meta":{"jnews-multi-image_gallery":[],"jnews_single_post":{"source_name":"","source_url":"","via_name":"","via_url":"","override_template":"0","override":[{"template":"1","single_blog_custom":"","parallax":"1","fullscreen":"1","layout":"right-sidebar","sidebar":"default-sidebar","second_sidebar":"default-sidebar","sticky_sidebar":"1","share_position":"topbottom","share_float_style":"share-monocrhome","show_share_counter":"0","show_view_counter":"0","show_featured":"1","show_post_meta":"1","show_post_author":"0","show_post_author_image":"1","show_post_date":"0","post_date_format":"default","post_date_format_custom":"Y\/m\/d","show_post_category":"1","show_post_reading_time":"0","post_reading_time_wpm":"300","show_zoom_button":"0","zoom_button_out_step":"2","zoom_button_in_step":"3","show_post_tag":"1","show_prev_next_post":"1","show_popup_post":"0","number_popup_post":"1","show_author_box":"0","show_post_related":"0","show_inline_post_related":"0"}],"override_image_size":"0","image_override":[{"single_post_thumbnail_size":"crop-500","single_post_gallery_size":"crop-500"}],"trending_post":"0","trending_post_position":"meta","trending_post_label":"Trending","sponsored_post":"0","sponsored_post_label":"Sponsored by","sponsored_post_name":"","sponsored_post_url":"","sponsored_post_logo_enable":"0","sponsored_post_logo":"","sponsored_post_desc":"","disable_ad":"0"},"jnews_primary_category":{"id":"","hide":""},"jnews_social_meta":[],"jnews_override_counter":[],"footnotes":""},"categories":[2],"tags":[14,12,19],"class_list":["post-564","post","type-post","status-publish","format-standard","has-post-thumbnail","hentry","category-articulos","tag-fondos-nextgenerationeu","tag-kit-digital","tag-revista-pymes"],"_links":{"self":[{"href":"https:\/\/revistapymes.es\/fondos-next-generation\/wp-json\/wp\/v2\/posts\/564","targetHints":{"allow":["GET"]}}],"collection":[{"href":"https:\/\/revistapymes.es\/fondos-next-generation\/wp-json\/wp\/v2\/posts"}],"about":[{"href":"https:\/\/revistapymes.es\/fondos-next-generation\/wp-json\/wp\/v2\/types\/post"}],"author":[{"embeddable":true,"href":"https:\/\/revistapymes.es\/fondos-next-generation\/wp-json\/wp\/v2\/users\/9"}],"replies":[{"embeddable":true,"href":"https:\/\/revistapymes.es\/fondos-next-generation\/wp-json\/wp\/v2\/comments?post=564"}],"version-history":[{"count":1,"href":"https:\/\/revistapymes.es\/fondos-next-generation\/wp-json\/wp\/v2\/posts\/564\/revisions"}],"predecessor-version":[{"id":566,"href":"https:\/\/revistapymes.es\/fondos-next-generation\/wp-json\/wp\/v2\/posts\/564\/revisions\/566"}],"wp:featuredmedia":[{"embeddable":true,"href":"https:\/\/revistapymes.es\/fondos-next-generation\/wp-json\/wp\/v2\/media\/565"}],"wp:attachment":[{"href":"https:\/\/revistapymes.es\/fondos-next-generation\/wp-json\/wp\/v2\/media?parent=564"}],"wp:term":[{"taxonomy":"category","embeddable":true,"href":"https:\/\/revistapymes.es\/fondos-next-generation\/wp-json\/wp\/v2\/categories?post=564"},{"taxonomy":"post_tag","embeddable":true,"href":"https:\/\/revistapymes.es\/fondos-next-generation\/wp-json\/wp\/v2\/tags?post=564"}],"curies":[{"name":"wp","href":"https:\/\/api.w.org\/{rel}","templated":true}]}}