{"id":578,"date":"2023-11-03T12:12:29","date_gmt":"2023-11-03T12:12:29","guid":{"rendered":"https:\/\/revistapymes.es\/fondos-next-generation\/?p=578"},"modified":"2024-01-12T12:14:42","modified_gmt":"2024-01-12T12:14:42","slug":"altare-e-iesa-acercan-el-kit-digital-a-los-administradores-de-fincas","status":"publish","type":"post","link":"https:\/\/revistapymes.es\/fondos-next-generation\/2023\/11\/03\/altare-e-iesa-acercan-el-kit-digital-a-los-administradores-de-fincas\/","title":{"rendered":"Altare e IESA acercan el Kit Digital a los administradores de fincas"},"content":{"rendered":"<p><strong><a href=\"https:\/\/iesa.es\/\">IESA Comunidades Tecnol\u00f3gicas<\/a>\u00a0se ha unido a\u00a0<a href=\"https:\/\/altaresp.es\/kit-digital\/\">Altare<\/a>\u00a0para acercar el Kit Digital a los despachos de los administradores de fincas<\/strong>. La uni\u00f3n entre ambas organizaciones ha dado como resultado un programa de colaboraci\u00f3n enfocado a impulsar la digitalizaci\u00f3n de estos despachos a trav\u00e9s de las ayudas del Kit Digital.<\/p>\n<p><strong>La gesti\u00f3n de clientes y gesti\u00f3n de procesos han sido las dos soluciones digitales elegidas por IESA y Altare para digitalizar los despachos de los administradores de fincas<\/strong>. A trav\u00e9s de esta transformaci\u00f3n digital, automatizaci\u00f3n de los flujos de trabajo y optimizaci\u00f3n de la gesti\u00f3n de las relaciones con los clientes, los administradores de fincas podr\u00e1n ahorrar tiempo y costes, as\u00ed como mejorar la productividad y las relaciones comerciales.<\/p>\n<p>\u201cEl Kit Digital representa una inversi\u00f3n estrat\u00e9gica por parte de Espa\u00f1a y Europa en la transformaci\u00f3n digital de nuestros clientes\u201d, ha comentado Ildefonso Fern\u00e1ndez, director de Desarrollo e I+D+i de IESA\u201d. \u201cEste importante acelerador est\u00e1 eliminando la barrera que, para muchos de estos profesionales, podr\u00eda ser el precio\u201d, ha a\u00f1adido.<\/p>\n<p>En septiembre IESA consigui\u00f3 gestionar 500 Kit Digitales para sus clientes. Una cifra que, como indica Fern\u00e1ndez, \u201crefleja nuestro compromiso con los administradores de fincas y la digitalizaci\u00f3n del sector ofreci\u00e9ndoles las mejores soluciones tecnol\u00f3gicas dentro de un ecosistema digital \u00fanico que, gracias a las ayudas europeas, ahora tienen coste cero para ellos\u201d.<\/p>\n","protected":false},"excerpt":{"rendered":"<p>IESA Comunidades Tecnol\u00f3gicas\u00a0se ha unido a\u00a0Altare\u00a0para acercar el Kit Digital a los despachos de los administradores de fincas. La uni\u00f3n entre ambas organizaciones ha dado como resultado un programa de colaboraci\u00f3n enfocado a impulsar la digitalizaci\u00f3n de estos despachos a trav\u00e9s de las ayudas del Kit Digital. La gesti\u00f3n de clientes y gesti\u00f3n de procesos [&hellip;]<\/p>\n","protected":false},"author":9,"featured_media":580,"comment_status":"closed","ping_status":"closed","sticky":false,"template":"","format":"standard","meta":{"jnews-multi-image_gallery":[],"jnews_single_post":{"source_name":"","source_url":"","via_name":"","via_url":"","override_template":"0","override":[{"template":"1","single_blog_custom":"","parallax":"1","fullscreen":"1","layout":"right-sidebar","sidebar":"default-sidebar","second_sidebar":"default-sidebar","sticky_sidebar":"1","share_position":"topbottom","share_float_style":"share-monocrhome","show_share_counter":"0","show_view_counter":"0","show_featured":"1","show_post_meta":"1","show_post_author":"0","show_post_author_image":"1","show_post_date":"0","post_date_format":"default","post_date_format_custom":"Y\/m\/d","show_post_category":"1","show_post_reading_time":"0","post_reading_time_wpm":"300","show_zoom_button":"0","zoom_button_out_step":"2","zoom_button_in_step":"3","show_post_tag":"1","show_prev_next_post":"1","show_popup_post":"0","number_popup_post":"1","show_author_box":"0","show_post_related":"0","show_inline_post_related":"0"}],"override_image_size":"0","image_override":[{"single_post_thumbnail_size":"crop-500","single_post_gallery_size":"crop-500"}],"trending_post":"0","trending_post_position":"meta","trending_post_label":"Trending","sponsored_post":"0","sponsored_post_label":"Sponsored by","sponsored_post_name":"","sponsored_post_url":"","sponsored_post_logo_enable":"0","sponsored_post_logo":"","sponsored_post_desc":"","disable_ad":"0"},"jnews_primary_category":{"id":"","hide":""},"jnews_social_meta":[],"jnews_override_counter":[],"footnotes":""},"categories":[2],"tags":[63,14,64,12],"class_list":["post-578","post","type-post","status-publish","format-standard","has-post-thumbnail","hentry","category-articulos","tag-altare","tag-fondos-nextgenerationeu","tag-iesa","tag-kit-digital"],"_links":{"self":[{"href":"https:\/\/revistapymes.es\/fondos-next-generation\/wp-json\/wp\/v2\/posts\/578","targetHints":{"allow":["GET"]}}],"collection":[{"href":"https:\/\/revistapymes.es\/fondos-next-generation\/wp-json\/wp\/v2\/posts"}],"about":[{"href":"https:\/\/revistapymes.es\/fondos-next-generation\/wp-json\/wp\/v2\/types\/post"}],"author":[{"embeddable":true,"href":"https:\/\/revistapymes.es\/fondos-next-generation\/wp-json\/wp\/v2\/users\/9"}],"replies":[{"embeddable":true,"href":"https:\/\/revistapymes.es\/fondos-next-generation\/wp-json\/wp\/v2\/comments?post=578"}],"version-history":[{"count":1,"href":"https:\/\/revistapymes.es\/fondos-next-generation\/wp-json\/wp\/v2\/posts\/578\/revisions"}],"predecessor-version":[{"id":579,"href":"https:\/\/revistapymes.es\/fondos-next-generation\/wp-json\/wp\/v2\/posts\/578\/revisions\/579"}],"wp:featuredmedia":[{"embeddable":true,"href":"https:\/\/revistapymes.es\/fondos-next-generation\/wp-json\/wp\/v2\/media\/580"}],"wp:attachment":[{"href":"https:\/\/revistapymes.es\/fondos-next-generation\/wp-json\/wp\/v2\/media?parent=578"}],"wp:term":[{"taxonomy":"category","embeddable":true,"href":"https:\/\/revistapymes.es\/fondos-next-generation\/wp-json\/wp\/v2\/categories?post=578"},{"taxonomy":"post_tag","embeddable":true,"href":"https:\/\/revistapymes.es\/fondos-next-generation\/wp-json\/wp\/v2\/tags?post=578"}],"curies":[{"name":"wp","href":"https:\/\/api.w.org\/{rel}","templated":true}]}}