{"id":76,"date":"2022-03-14T08:44:07","date_gmt":"2022-03-14T08:44:07","guid":{"rendered":"https:\/\/revistapymes.es\/fondos-next-generation\/?p=76"},"modified":"2022-03-14T08:44:07","modified_gmt":"2022-03-14T08:44:07","slug":"acelera-pyme-ya-cuenta-con-mas-de-100-000-empresas-inscritas","status":"publish","type":"post","link":"https:\/\/revistapymes.es\/fondos-next-generation\/2022\/03\/14\/acelera-pyme-ya-cuenta-con-mas-de-100-000-empresas-inscritas\/","title":{"rendered":"Acelera Pyme ya cuenta con m\u00e1s de 100.000 empresas inscritas"},"content":{"rendered":"<p>\u201cNuestras pymes tienen una oportunidad \u00fanica de modernizarse y mejorar su productividad hasta en un 20 %. Para ello les ayudamos a digitalizarse con una subvenci\u00f3n 100 %\u201d, coment\u00f3 Alberto Mart\u00ednez, director general de Red.es, durante un evento organizado por la Fundaci\u00f3n Alianza Digital 2030 bajo el lema \u201cKit Digital, la digitalizaci\u00f3n de pymes para modernizar el tejido productivo espa\u00f1ol\u201d.<\/p>\n<p>En su intervenci\u00f3n Mart\u00ednez destac\u00f3 que \u201cKit Digital pone el foco en empresas por debajo de 50 empleados, es decir, peque\u00f1as microempresas y aut\u00f3nomos, porque es donde tenemos espacio de mejora\u201d. Seg\u00fan afirm\u00f3 Mart\u00ednez, \u201cya se han inscrito en Acelera Pyme m\u00e1s de 100.000 empresas\u201d.<\/p>\n<p>Mart\u00ednez tambi\u00e9n aprovech\u00f3 su intervenci\u00f3n para explicar el funcionamiento y los requisitos del programa Kit Digital, as\u00ed como los pasos a seguir para acceder a estas ayudas. Este programa est\u00e1 divido en tres convocatorias, diferenciadas por el n\u00famero de empleados, y ofrece bonos digitales de 12.000, 6.000 y 3.000 euros dependiendo de la convocatoria.<\/p>\n<p>En el encuentro, moderado por David Cierco, director ejecutivo de la fundaci\u00f3n, y Asunci\u00f3n Soriano, CEO de Atrevia, tambi\u00e9n cont\u00f3 con la participaci\u00f3n de David Alonso, director de negocio de movilidad de Samsung Espa\u00f1a, quien habl\u00f3 sobre el s\u00f3lido compromiso que Samsung tiene con el proceso de digitalizaci\u00f3n de las pymes. Un proceso que, como coment\u00f3 Alonso, \u201cno solo implica el uso de dispositivos m\u00f3viles, sino que tambi\u00e9n es necesario que se asiente sobre un amplio ecosistema de aplicaciones para fomentar la productividad, la gesti\u00f3n o las finanzas, as\u00ed como una plataforma de seguridad integral que proteja toda la informaci\u00f3n\u201d.<\/p>\n<p>Asimismo, el directivo record\u00f3 que \u201cestamos ante un momento \u00fanico y si queremos mejorar esta parte tan importante del tejido empresarial espa\u00f1ol debemos contribuir a su digitalizaci\u00f3n\u201d.<\/p>\n<p>En el encuentro, adem\u00e1s, se habl\u00f3 sobre el cat\u00e1logo de soluciones que las empresas pueden implantar una vez hayan obtenido el bono digital. Las herramientas pueden ser de gesti\u00f3n de redes sociales, comercio electr\u00f3nico, gesti\u00f3n de clientes, servicios y herramientas de oficina virtual, gesti\u00f3n de procesos, factura electr\u00f3nica o formaci\u00f3n en ciberseguridad, entre otros.<\/p>\n","protected":false},"excerpt":{"rendered":"<p>\u201cNuestras pymes tienen una oportunidad \u00fanica de modernizarse y mejorar su productividad hasta en un 20 %. Para ello les ayudamos a digitalizarse con una subvenci\u00f3n 100 %\u201d, coment\u00f3 Alberto Mart\u00ednez, director general de Red.es, durante un evento organizado por la Fundaci\u00f3n Alianza Digital 2030 bajo el lema \u201cKit Digital, la digitalizaci\u00f3n de pymes para [&hellip;]<\/p>\n","protected":false},"author":1,"featured_media":77,"comment_status":"closed","ping_status":"closed","sticky":false,"template":"","format":"standard","meta":{"jnews-multi-image_gallery":[],"jnews_single_post":{"source_name":"","source_url":"","via_name":"","via_url":"","override_template":"0","override":[{"template":"1","single_blog_custom":"","parallax":"1","fullscreen":"1","layout":"right-sidebar","sidebar":"default-sidebar","second_sidebar":"default-sidebar","sticky_sidebar":"1","share_position":"top","share_float_style":"share-monocrhome","show_share_counter":"1","show_view_counter":"1","show_featured":"1","show_post_meta":"1","show_post_author":"1","show_post_author_image":"1","show_post_date":"1","post_date_format":"default","post_date_format_custom":"Y\/m\/d","show_post_category":"1","show_post_reading_time":"0","post_reading_time_wpm":"300","show_zoom_button":"0","zoom_button_out_step":"2","zoom_button_in_step":"3","show_post_tag":"1","show_prev_next_post":"1","show_popup_post":"1","number_popup_post":"1","show_author_box":"0","show_post_related":"0","show_inline_post_related":"0"}],"override_image_size":"0","image_override":[{"single_post_thumbnail_size":"crop-500","single_post_gallery_size":"crop-500"}],"trending_post":"0","trending_post_position":"meta","trending_post_label":"Trending","sponsored_post":"0","sponsored_post_label":"Sponsored by","sponsored_post_name":"","sponsored_post_url":"","sponsored_post_logo_enable":"0","sponsored_post_logo":"","sponsored_post_desc":"","disable_ad":"0"},"jnews_primary_category":{"id":""},"jnews_social_meta":{"fb_title":"","fb_description":"","fb_image":"","twitter_title":"","twitter_description":"","twitter_image":""},"jnews_override_counter":{"override_view_counter":"0","view_counter_number":"0","override_share_counter":"0","share_counter_number":"0","override_like_counter":"0","like_counter_number":"0","override_dislike_counter":"0","dislike_counter_number":"0"},"footnotes":""},"categories":[2],"tags":[],"class_list":["post-76","post","type-post","status-publish","format-standard","has-post-thumbnail","hentry","category-articulos"],"_links":{"self":[{"href":"https:\/\/revistapymes.es\/fondos-next-generation\/wp-json\/wp\/v2\/posts\/76","targetHints":{"allow":["GET"]}}],"collection":[{"href":"https:\/\/revistapymes.es\/fondos-next-generation\/wp-json\/wp\/v2\/posts"}],"about":[{"href":"https:\/\/revistapymes.es\/fondos-next-generation\/wp-json\/wp\/v2\/types\/post"}],"author":[{"embeddable":true,"href":"https:\/\/revistapymes.es\/fondos-next-generation\/wp-json\/wp\/v2\/users\/1"}],"replies":[{"embeddable":true,"href":"https:\/\/revistapymes.es\/fondos-next-generation\/wp-json\/wp\/v2\/comments?post=76"}],"version-history":[{"count":1,"href":"https:\/\/revistapymes.es\/fondos-next-generation\/wp-json\/wp\/v2\/posts\/76\/revisions"}],"predecessor-version":[{"id":78,"href":"https:\/\/revistapymes.es\/fondos-next-generation\/wp-json\/wp\/v2\/posts\/76\/revisions\/78"}],"wp:featuredmedia":[{"embeddable":true,"href":"https:\/\/revistapymes.es\/fondos-next-generation\/wp-json\/wp\/v2\/media\/77"}],"wp:attachment":[{"href":"https:\/\/revistapymes.es\/fondos-next-generation\/wp-json\/wp\/v2\/media?parent=76"}],"wp:term":[{"taxonomy":"category","embeddable":true,"href":"https:\/\/revistapymes.es\/fondos-next-generation\/wp-json\/wp\/v2\/categories?post=76"},{"taxonomy":"post_tag","embeddable":true,"href":"https:\/\/revistapymes.es\/fondos-next-generation\/wp-json\/wp\/v2\/tags?post=76"}],"curies":[{"name":"wp","href":"https:\/\/api.w.org\/{rel}","templated":true}]}}