{"id":8,"date":"2022-02-25T10:30:36","date_gmt":"2022-02-25T10:30:36","guid":{"rendered":"https:\/\/revistapymes.es\/fondos-next-generation\/?p=8"},"modified":"2022-02-25T10:44:46","modified_gmt":"2022-02-25T10:44:46","slug":"las-pymes-elemento-esencial-de-la-agenda-digital-2025","status":"publish","type":"post","link":"https:\/\/revistapymes.es\/fondos-next-generation\/2022\/02\/25\/las-pymes-elemento-esencial-de-la-agenda-digital-2025\/","title":{"rendered":"Las pymes, elemento esencial de la Agenda Digital 2025"},"content":{"rendered":"<p><strong>Espa\u00f1a pasa por un buen momento tecnol\u00f3gicamente hablando. El \u00edndice DESI nos posiciona en el top ten de la digitalizaci\u00f3n europea<\/strong>, al situarnos en el noveno puesto. <strong>Las pymes mejoran tanto en ecommerce como en la nube<\/strong>, ascendiendo del 18 al 24 % en ecommerce y del 16 al 22 % en cuanto a migraci\u00f3n a la nube. Todo ello junto a las m\u00e1s de 10.000 start-ups que forman parte de nuestro panorama empresarial. <strong>As\u00ed lo puso de manifiesto Carmen Artigas, secretaria de estado de digitalizaci\u00f3n e inteligencia artificial, en la primera edici\u00f3n de Spain Digital Day 2021, en Madrid. Pero tambi\u00e9n advirti\u00f3 que esto es solo el punto de partida porque la econom\u00eda digital en el PIB espa\u00f1ol tan solo representa el 19 %. El objetivo es llegar al 40 % entre 2025 y 2030.<\/strong><\/p>\n<p><strong>Para Carmen Artigas es fundamental no dejar a nadie atr\u00e1s en la transformaci\u00f3n digital, poniendo especial atenci\u00f3n en unas pymes que en su mayor parte no cuentan con un pack de transformaci\u00f3n digital.<\/strong> Pero tambi\u00e9n transformar nuestra econom\u00eda de pa\u00eds, nuestro modelo econ\u00f3mico productivo hacia una econom\u00eda del dato de la mano de la Administraci\u00f3n.<\/p>\n<p>Las competencias digitales es uno de los grandes retos que tenemos, record\u00f3, por ello han lanzado el <strong>Plan Nacional de Competencias Digitales<\/strong> con 750 millones de euros que desplegar\u00e1n entre 2022 y 2023.<\/p>\n<p>Alberto Mart\u00ednez, director general de Red.es, reconoci\u00f3 que uno de los focos de este organismo es la transformaci\u00f3n digital de las pymes ya que dos tercios del empleo provienen de las mismas. \u201cEs necesario fortalecer este tejido empresarial porque de ello depende nuestro futuro\u201d, manifest\u00f3. Por ello, asegur\u00f3 que \u201clas pymes tienen que estar en el centro, tienen voz y voto y van a ser el elemento esencial de la Agenda 2025\u201d.<\/p>\n<p><strong>Red.es ha puesto en marcha las oficinas \u201cAcelera Pymes\u201d<\/strong> con las que cualquier pyme o aut\u00f3nomo podr\u00e1 obtener respuesta a sus necesidades. Ya cuentan con 80, a las que han acudido 13.000 empresas. Para el a\u00f1o que viene quieren contar con 150 en todo el territorio espa\u00f1ol.<\/p>\n<p>Tambi\u00e9n han anunciado el <strong><a href=\"https:\/\/revistapymes.es\/el-gobierno-impulsa-la-digitalizacion-de-las-pymes-y-autonomos-con-el-kit-digital\/\">Programa Kit Digital<\/a><\/strong> con 3.000 millones para un mill\u00f3n de pymes. En 2022 lanzar\u00e1n las convocatorias, avanz\u00f3 Alberto Mart\u00ednez.<\/p>\n<p>En el \u00e1mbito de las pymes la ciberseguridad es esencial, record\u00f3 Rosa D\u00edaz, directora general de INCIBE, ya que \u201csin ciberseguridad no hay un proceso de transformaci\u00f3n sostenible y seguro\u201d. Por ello u<strong>no de los ejes de la Agenda Digital es el de ciberseguridad. Dentro de este eje Rosa D\u00edaz confirm\u00f3 que INCIBE ha lanzado un plan estrat\u00e9gico<\/strong> con el que se pretende aumentar la cultura de la ciberseguridad, fortaleciendo las capacidades en las peque\u00f1as empresas, en especial en micropymes y aut\u00f3nomos. Al tiempo que se pretende un impulso del ecosistema empresarial, ayudando a que el sector crezca, generando riqueza con nuevas start-ups y poniendo foco en las brechas en los riesgos en seguridad, apoyando el I+D+i y el talento.<\/p>\n<p>Entre los hitos conseguidos en 2021 resalt\u00f3 <strong>la l\u00ednea de ayudas al 017<\/strong>, un tel\u00e9fono gratuito y confidencial al que las empresas pueden llamar ante cualquier dificultad o duda sobre ciberseguridad.<\/p>\n<p>O el programa INCIBE Emprende, destinado tanto a ayudar a la generaci\u00f3n de ideas a emprendedores que quieren emprender su negocio en este sector, como a la internacionalizaci\u00f3n de la industria espa\u00f1ola de ciberseguridad.<\/p>\n<p>Y todo ello sin olvidar el <strong>Observatorio Observaciber<\/strong>, un espacio para buscar informaci\u00f3n, por poner algunos ejemplos.<\/p>\n<p>Alberto Palomo-Lozano, nuevo CDO de la Oficina del Dato del Gobierno, se\u00f1al\u00f3 la importancia de la creaci\u00f3n de esta oficina al permitir crear valor a trav\u00e9s del dato. Entre otras acciones que est\u00e1n llevando a cabo nombr\u00f3 la creaci\u00f3n del hub de GAIA-X, la representaci\u00f3n en Espa\u00f1a de esta asociaci\u00f3n europea para desarrollar espacios compartidos del dato que ha despertado un gran inter\u00e9s entre las pymes.<\/p>\n<p>Una industria del dato que debe proporcionarnos capacidad competitiva y de innovaci\u00f3n. Y establecer las bases de captaci\u00f3n de talento y start-ups, se\u00f1al\u00f3 Carmen Artigas. Por ello, en el terreno de las start-ups se han lanzado l\u00edneas para impulsar a los emprendedores que han iniciado su actividad. Una de ellas es el <strong>Fondo Next-Step<\/strong> con 4.000 millones de inversi\u00f3n p\u00fablico-privada, con el fin de fomentar el crecimiento de las start-ups.<\/p>\n<p>Tambi\u00e9n se est\u00e1 trabajando en iniciativas para llevar a cabo un entorno jur\u00eddico confiable y flexible y en crear un entorno adecuado para fomentar la inversi\u00f3n privada.<\/p>\n<p>Viendo que la participaci\u00f3n de mujeres en empresas de tecnolog\u00edas emergentes es baja, se ha lanzado la <strong>l\u00ednea de ENISA \u201cEmprendedoras digitales\u201d<\/strong> con una dotaci\u00f3n de 51 millones de euros hasta 2023. A trav\u00e9s de la misma se conceder\u00e1n 200 pr\u00e9stamos para impulsar su participaci\u00f3n en este tipo de empresas. Ya se han concedido 33 con un nivel de financiaci\u00f3n de 6 millones de euros.<\/p>\n<p>La IA es otro punto a tener en cuenta por parte de las pymes ya que sirve para analizar grandes retos pero tambi\u00e9n en el d\u00eda a d\u00eda. Por ello la <strong>Estrategia Nacional de Inteligencia Artificial<\/strong> cuenta con una inversi\u00f3n p\u00fablica de 600 millones de euros hasta 2023. Se estima que va a tener m\u00e1s de 3.000 millones de inversi\u00f3n privada.<\/p>\n<p>Asimismo se ha lanzado un programa de integraci\u00f3n de la IA en cadenas de valor por 105 millones a trav\u00e9s de Red.es que ha recibido m\u00e1s de 100 solicitudes, m\u00e1s del 75 % por parte de pymes.<\/p>\n","protected":false},"excerpt":{"rendered":"<p>Espa\u00f1a pasa por un buen momento tecnol\u00f3gicamente hablando. El \u00edndice DESI nos posiciona en el top ten de la digitalizaci\u00f3n europea, al situarnos en el noveno puesto. Las pymes mejoran tanto en ecommerce como en la nube, ascendiendo del 18 al 24 % en ecommerce y del 16 al 22 % en cuanto a migraci\u00f3n [&hellip;]<\/p>\n","protected":false},"author":1,"featured_media":9,"comment_status":"closed","ping_status":"open","sticky":false,"template":"","format":"standard","meta":{"jnews-multi-image_gallery":[],"jnews_single_post":{"source_name":"","source_url":"","via_name":"","via_url":"","override_template":"0","override":[{"template":"1","single_blog_custom":"","parallax":"1","fullscreen":"1","layout":"right-sidebar","sidebar":"default-sidebar","second_sidebar":"default-sidebar","sticky_sidebar":"1","share_position":"top","share_float_style":"share-monocrhome","show_share_counter":"1","show_view_counter":"1","show_featured":"1","show_post_meta":"1","show_post_author":"1","show_post_author_image":"1","show_post_date":"1","post_date_format":"default","post_date_format_custom":"Y\/m\/d","show_post_category":"1","show_post_reading_time":"0","post_reading_time_wpm":"300","show_zoom_button":"0","zoom_button_out_step":"2","zoom_button_in_step":"3","show_post_tag":"1","show_prev_next_post":"1","show_popup_post":"1","number_popup_post":"1","show_author_box":"0","show_post_related":"0","show_inline_post_related":"0"}],"override_image_size":"0","image_override":[{"single_post_thumbnail_size":"crop-500","single_post_gallery_size":"crop-500"}],"trending_post":"0","trending_post_position":"meta","trending_post_label":"Trending","sponsored_post":"0","sponsored_post_label":"Sponsored by","sponsored_post_name":"","sponsored_post_url":"","sponsored_post_logo_enable":"0","sponsored_post_logo":"","sponsored_post_desc":"","disable_ad":"0"},"jnews_primary_category":{"id":""},"jnews_social_meta":{"fb_title":"","fb_description":"","fb_image":"","twitter_title":"","twitter_description":"","twitter_image":""},"jnews_override_counter":{"override_view_counter":"0","view_counter_number":"0","override_share_counter":"0","share_counter_number":"0","override_like_counter":"0","like_counter_number":"0","override_dislike_counter":"0","dislike_counter_number":"0"},"footnotes":""},"categories":[2],"tags":[],"class_list":["post-8","post","type-post","status-publish","format-standard","has-post-thumbnail","hentry","category-articulos"],"_links":{"self":[{"href":"https:\/\/revistapymes.es\/fondos-next-generation\/wp-json\/wp\/v2\/posts\/8","targetHints":{"allow":["GET"]}}],"collection":[{"href":"https:\/\/revistapymes.es\/fondos-next-generation\/wp-json\/wp\/v2\/posts"}],"about":[{"href":"https:\/\/revistapymes.es\/fondos-next-generation\/wp-json\/wp\/v2\/types\/post"}],"author":[{"embeddable":true,"href":"https:\/\/revistapymes.es\/fondos-next-generation\/wp-json\/wp\/v2\/users\/1"}],"replies":[{"embeddable":true,"href":"https:\/\/revistapymes.es\/fondos-next-generation\/wp-json\/wp\/v2\/comments?post=8"}],"version-history":[{"count":1,"href":"https:\/\/revistapymes.es\/fondos-next-generation\/wp-json\/wp\/v2\/posts\/8\/revisions"}],"predecessor-version":[{"id":10,"href":"https:\/\/revistapymes.es\/fondos-next-generation\/wp-json\/wp\/v2\/posts\/8\/revisions\/10"}],"wp:featuredmedia":[{"embeddable":true,"href":"https:\/\/revistapymes.es\/fondos-next-generation\/wp-json\/wp\/v2\/media\/9"}],"wp:attachment":[{"href":"https:\/\/revistapymes.es\/fondos-next-generation\/wp-json\/wp\/v2\/media?parent=8"}],"wp:term":[{"taxonomy":"category","embeddable":true,"href":"https:\/\/revistapymes.es\/fondos-next-generation\/wp-json\/wp\/v2\/categories?post=8"},{"taxonomy":"post_tag","embeddable":true,"href":"https:\/\/revistapymes.es\/fondos-next-generation\/wp-json\/wp\/v2\/tags?post=8"}],"curies":[{"name":"wp","href":"https:\/\/api.w.org\/{rel}","templated":true}]}}